{"id":15000,"date":"2015-08-31T22:34:27","date_gmt":"2015-08-31T21:34:27","guid":{"rendered":"http:\/\/www.iuzb.org\/wordpress\/?p=12628"},"modified":"2016-11-19T22:23:11","modified_gmt":"2016-11-19T21:23:11","slug":"fluechtlingshilfe-zahnaerztlicher-bericht-vom-standort-moabit","status":"publish","type":"post","link":"https:\/\/iuzb.de\/?p=15000","title":{"rendered":"Fl\u00fcchtlingshilfe: Zahn\u00e4rztlicher Bericht vom Standort Moabit"},"content":{"rendered":"<p><strong>Bericht von Zahnarzt Herrn Dr. Helmut Dohmeier-de Haan von Montag, 31 August 2015, 23:17 Uhr &#8211; Standort LaGeSo, Turmstra\u00dfe\/Moabit:<\/strong><\/p>\n<p style=\"text-align: justify;\">Liebe Kolleginnen und Kollegen,<\/p>\n<p style=\"text-align: justify;\">an der medizinischen Versorgung der Fl\u00fcchtlinge vor dem<b> Lageso<\/b> ( Turmstra\u00dfe) hat sich seit Mittwoch letzter Woche nichts ge\u00e4ndert.\u00a0 Nach wie vor finden die Behandlungen aller Patientinnen und Patienten in <b>einem<\/b> Raum statt. Die hierf\u00fcr zwischenzeitlich zur Verf\u00fcgung gestellten Zelte sind f\u00fcr eine medizinische Betreuung unbrauchbar.<\/p>\n<p style=\"text-align: justify;\">Die aktuelle Situation im Haus C ist, dass auf vier Plastikst\u00fchlen (alle ohne eine Kopfst\u00fctze) und einer Bank parallel die verschiedenen Fachrichtungen behandelnd t\u00e4tig sind.<\/p>\n<p style=\"text-align: justify;\">Heute nachmittag (31.08.) waren es ein Chirurg, eine Internistin, ein Psychotherapeut, eine junge zahn\u00e4rztliche Kollegin und ich.<\/p>\n<p style=\"text-align: justify;\">In einer provisorisch eingerichteten Abtrennung innerhalb des Raumes, k\u00f6nnen Patient(Inn)en unter Sichtschutz auf einer Liege untersucht werden. Daneben sind immer auch Krankenschwestern, Pfleger und \u00dcbersetzer in dem Raum anwesend, sodass es keine Seltenheit ist, wenn 10 bis 12 Personen gleichzeitig in dem unklimatisierten Raum arbeiten. Hier lagern auch alle Medikamente und sonstigen Materialien.<\/p>\n<p style=\"text-align: justify;\">Der Versuch Struktur in die \u00e4rztliche Versorgung zu bringen, steckt noch immer in den Anf\u00e4ngen.<\/p>\n<p style=\"text-align: justify;\">Was die zahnmedizinische Notfall-Versorgung anbetrifft, kann die Untersuchung &#8211; wie in der Brienner Stra\u00dfe (Wilmersdorf) &#8211; nur mit Einmalspiegel oder Holzspatel vorgenommen werden. Eine Sterilisation von Instrumenten ist in Ermangelung eines Ger\u00e4tes nicht m\u00f6glich. Einmalhandschuhe, Mundschutz und verschiedene Desinfektionsfl\u00fcssigkeiten sind vorhanden. Antibiotika, Schmerzmittel, Zahnpasta und Zahnb\u00fcrsten ebenfalls.<\/p>\n<p style=\"text-align: justify;\">Ein besonderes Problem ergab sich bei der \u00dcberweisung von dringenden (zahn\u00e4rztlichen) Schmerzf\u00e4llen in die zur Mitarbeit bereiten Praxen. Die Patienten haben Angst hierf\u00fcr das Gel\u00e4nde in der Turmstra\u00dfe zu verlassen weil sie sich in einem Wartezustand befinden und nicht wissen, wann ihre ihnen zugeteilte Nummer aufgerufen wird. Da die Wartezeit f\u00fcr ihre Erstregistrierung mehrere Tage betragen kann und nur f\u00fcr schwerste Notf\u00e4lle Ausnahmen gemacht werden, laufen sie Gefahr, ihr Registrierungsprozedere eventuell von vorne beginnen zu m\u00fcssen. Auch werden die wenigsten m\u00e4nnlichen Patienten das Gel\u00e4nde ohne ihre gesamte Familie verlassen. Die Angst, in dieser Situation und in fremder Umgebung von Ihren Angeh\u00f6rigen (Kindern) getrennt zu werden, ist gro\u00df.<\/p>\n<p style=\"text-align: justify;\">Insgesamt bleibt die Situation f\u00fcr die hilfesuchenden Patienten absolut unhaltbar und unw\u00fcrdig. Am Nachmittag wurde bekannt, dass aufgrund der Entwicklung in Ungarn am Dienstag mit der Ankunft eines weiteren gro\u00dfen Kontingents von Fl\u00fcchtlingen in Berlin gerechnet wird.\u00a0 Da auch das nicht das Ende der Fl\u00fcchtlingswelle sein wird, ist meiner Meinung nach absehbar, dass\u00a0 die medizinische Versorgung in der jetzt praktizierten Form nicht mehr lange funktionieren kann.<\/p>\n<p style=\"text-align: justify;\">Soviel f\u00fcr heute. Sollten sich in den n\u00e4chsten Tagen entscheidende Ver\u00e4nderungen ergeben, werde ich Sie\/Euch auf diesem Wege erneut informieren.<\/p>\n<p>Herzliche Gr\u00fc\u00dfe<\/p>\n<p>Dr. H. Dohmeier-de Haan<\/p>\n<p><span style=\"color: #ffffff;\">\u00a0<\/span><\/p>\nngg_shortcode_0_placeholder\n<p>&nbsp;<\/p>\n","protected":false},"excerpt":{"rendered":"<p>Bericht von Zahnarzt Herrn Dr. Helmut Dohmeier-de Haan von Montag, 31 August 2015, 23:17 Uhr &#8211; Standort LaGeSo, Turmstra\u00dfe\/Moabit: Liebe Kolleginnen und Kollegen, an der medizinischen Versorgung der Fl\u00fcchtlinge vor [&#8230;]<\/p>\n","protected":false},"author":13,"featured_media":0,"comment_status":"closed","ping_status":"closed","sticky":false,"template":"","format":"standard","meta":{"ngg_post_thumbnail":0,"iawp_total_views":1,"footnotes":""},"categories":[165],"tags":[],"class_list":["post-15000","post","type-post","status-publish","format-standard","hentry","category-fluechtlingshilfe"],"_links":{"self":[{"href":"https:\/\/iuzb.de\/index.php?rest_route=\/wp\/v2\/posts\/15000","targetHints":{"allow":["GET"]}}],"collection":[{"href":"https:\/\/iuzb.de\/index.php?rest_route=\/wp\/v2\/posts"}],"about":[{"href":"https:\/\/iuzb.de\/index.php?rest_route=\/wp\/v2\/types\/post"}],"author":[{"embeddable":true,"href":"https:\/\/iuzb.de\/index.php?rest_route=\/wp\/v2\/users\/13"}],"replies":[{"embeddable":true,"href":"https:\/\/iuzb.de\/index.php?rest_route=%2Fwp%2Fv2%2Fcomments&post=15000"}],"version-history":[{"count":2,"href":"https:\/\/iuzb.de\/index.php?rest_route=\/wp\/v2\/posts\/15000\/revisions"}],"predecessor-version":[{"id":16232,"href":"https:\/\/iuzb.de\/index.php?rest_route=\/wp\/v2\/posts\/15000\/revisions\/16232"}],"wp:attachment":[{"href":"https:\/\/iuzb.de\/index.php?rest_route=%2Fwp%2Fv2%2Fmedia&parent=15000"}],"wp:term":[{"taxonomy":"category","embeddable":true,"href":"https:\/\/iuzb.de\/index.php?rest_route=%2Fwp%2Fv2%2Fcategories&post=15000"},{"taxonomy":"post_tag","embeddable":true,"href":"https:\/\/iuzb.de\/index.php?rest_route=%2Fwp%2Fv2%2Ftags&post=15000"}],"curies":[{"name":"wp","href":"https:\/\/api.w.org\/{rel}","templated":true}]}}