{"id":14998,"date":"2015-08-14T20:17:19","date_gmt":"2015-08-14T19:17:19","guid":{"rendered":"http:\/\/www.iuzb.org\/wordpress\/?p=12553"},"modified":"2016-11-22T17:02:02","modified_gmt":"2016-11-22T16:02:02","slug":"auch-kammern-sind-zur-transparenz-verpflichtet","status":"publish","type":"post","link":"https:\/\/iuzb.de\/?p=14998","title":{"rendered":"Auch Kammern sind zur Transparenz verpflichtet!"},"content":{"rendered":"<h4 style=\"text-align: left;\" align=\"center\">Entschlie\u00dfung der 30. Konferenz der Informationsfreiheitsbeauftragten in Deutschland vom 30. Juni 2015 in Schwerin<\/h4>\n<h2>Auch Kammern sind zur Transparenz verpflichtet!<\/h2>\n<p style=\"text-align: justify;\">Immer wieder verweigern sich berufsst\u00e4ndische Kammern den Transparenzanforderungen der jeweiligen Informationszugangsgesetze.<\/p>\n<p style=\"text-align: justify;\">Berufsst\u00e4ndische Kammern nehmen hoheitliche Aufgaben auf Bundes- und L\u00e4nderebene wahr. F\u00fcr die jeweiligen Berufsgruppen besteht eine gesetzliche Pflicht zur Mitgliedschaft, die Kammern sind f\u00fcr Berufszulassungen zust\u00e4ndig und haben oft weitgehende Sanktionsm\u00f6glichkeiten.<\/p>\n<p style=\"text-align: justify;\">Informationen, die im Rahmen ihrer T\u00e4tigkeit anfallen, unterfallen den Informationszugangsgesetzen von Bund und L\u00e4ndern. Dies gilt auch f\u00fcr Jahresabschl\u00fcsse und Angaben zu Einnahmen, Ausgaben und R\u00fcckstellungen der Kammern. F\u00fcr die Verpflichtung der Kammern ist es unerheblich, ob Antragstellende Kammermitglieder sind und welche Motive zur Antragstellung f\u00fchrten. \u00d6ffentlich-rechtliche K\u00f6rperschaften befinden sich in weiten Bereichen nicht in Konkurrenz zu Marktteilnehmern \u2013 Wettbewerbsnachteile k\u00f6nnen sich zumeist nicht ergeben. Folglich stehen schutzw\u00fcrdige Betriebs- und Gesch\u00e4ftsgeheimnisse einem Informationszugang in der Regel nicht entgegen.<\/p>\n<p style=\"text-align: justify;\">Anspr\u00fcche auf Informationszugang sind unverz\u00fcglich, sp\u00e4testens jedoch innerhalb der in den Informationszugangsgesetzen des Bundes bzw. der L\u00e4nder genannten Fristen zu erf\u00fcllen. Eine Entscheidung darf nicht auf Gremiensitzungen verschoben, sondern sollte im Rahmen der regul\u00e4ren Gesch\u00e4ftsf\u00fchrung getroffen werden. Im \u00dcbrigen sind transparenzpflichtige Informationen der berufsst\u00e4ndischen Kammern in den bereits vorhandenen Informationsregistern zu ver\u00f6ffentlichen.<\/p>\n<p style=\"text-align: justify;\">Die Informationsfreiheitsbeauftragten in Deutschland fordern daher die berufsst\u00e4ndischen Kammern auf, ihren Transparenzverpflichtungen nachzukommen.<\/p>\n<p><span style=\"color: #ffffff;\">.<\/span><\/p>\n<p><a href=\"https:\/\/www.datenschutz-mv.de\/informationsfreiheit\/beschluesse\/ent_kammern.html\" target=\"_blank\">Quelle<\/a>:<br \/>\nDer Landesbeauftragte f\u00fcr Datenschutz und Informationsfreiheit Mecklenburg-Vorpommern<\/p>\n","protected":false},"excerpt":{"rendered":"<p>Entschlie\u00dfung der 30. Konferenz der Informationsfreiheitsbeauftragten in Deutschland vom 30. Juni 2015 in Schwerin Auch Kammern sind zur Transparenz verpflichtet! Immer wieder verweigern sich berufsst\u00e4ndische Kammern den Transparenzanforderungen der jeweiligen [&#8230;]<\/p>\n","protected":false},"author":13,"featured_media":0,"comment_status":"closed","ping_status":"closed","sticky":false,"template":"","format":"standard","meta":{"ngg_post_thumbnail":0,"iawp_total_views":0,"footnotes":""},"categories":[108],"tags":[],"class_list":["post-14998","post","type-post","status-publish","format-standard","hentry","category-datenschutz-und-informationsfreiheit"],"_links":{"self":[{"href":"https:\/\/iuzb.de\/index.php?rest_route=\/wp\/v2\/posts\/14998","targetHints":{"allow":["GET"]}}],"collection":[{"href":"https:\/\/iuzb.de\/index.php?rest_route=\/wp\/v2\/posts"}],"about":[{"href":"https:\/\/iuzb.de\/index.php?rest_route=\/wp\/v2\/types\/post"}],"author":[{"embeddable":true,"href":"https:\/\/iuzb.de\/index.php?rest_route=\/wp\/v2\/users\/13"}],"replies":[{"embeddable":true,"href":"https:\/\/iuzb.de\/index.php?rest_route=%2Fwp%2Fv2%2Fcomments&post=14998"}],"version-history":[{"count":1,"href":"https:\/\/iuzb.de\/index.php?rest_route=\/wp\/v2\/posts\/14998\/revisions"}],"predecessor-version":[{"id":15591,"href":"https:\/\/iuzb.de\/index.php?rest_route=\/wp\/v2\/posts\/14998\/revisions\/15591"}],"wp:attachment":[{"href":"https:\/\/iuzb.de\/index.php?rest_route=%2Fwp%2Fv2%2Fmedia&parent=14998"}],"wp:term":[{"taxonomy":"category","embeddable":true,"href":"https:\/\/iuzb.de\/index.php?rest_route=%2Fwp%2Fv2%2Fcategories&post=14998"},{"taxonomy":"post_tag","embeddable":true,"href":"https:\/\/iuzb.de\/index.php?rest_route=%2Fwp%2Fv2%2Ftags&post=14998"}],"curies":[{"name":"wp","href":"https:\/\/api.w.org\/{rel}","templated":true}]}}