{"id":1497,"date":"2010-02-01T16:25:50","date_gmt":"2010-02-01T15:25:50","guid":{"rendered":"http:\/\/uwe-gerber.de\/wordpress\/?p=1497"},"modified":"2016-12-26T14:40:16","modified_gmt":"2016-12-26T13:40:16","slug":"bundesregierung-verteidigt-versorgungswerke","status":"publish","type":"post","link":"https:\/\/iuzb.de\/?p=1497","title":{"rendered":"Bundesregierung verteidigt Versorgungswerke"},"content":{"rendered":"<p>Deutscher Bundestag: Pressemitteilung Arbeit und Soziales\/<a href=\"http:\/\/www.bundestag.de\/presse\/hib\/2010_02\/2010_026\/04.html\" target=\"_blank\">Antwort<\/a> &#8211; 01.02.2010<\/p>\n<blockquote><p><strong>Berufsst\u00e4ndische Versorgungswerke leiden nicht unter der Krise<\/strong><\/p>\n<p>Berlin: (hib\/ELA\/AW) Die berufsst\u00e4ndischen Versorgungswerke sind aufgrund der Finanzkrise nicht in Schwierigkeiten geraten. Dies schreibt die Bundesregierung in ihrer Antwort (<a href=\"http:\/\/dip21.bundestag.de\/dip21\/btd\/17\/004\/1700497.pdf\" target=\"_blank\">17\/497<\/a>) auf eine Kleine Anfrage (<a href=\"http:\/\/dip21.bundestag.de\/dip21\/btd\/17\/002\/1700295.pdf\" target=\"_blank\">17\/295<\/a>) der SPD-Fraktion und betont, dass daher \u201dauch keine Auswirkungen auf die Leistungsh\u00f6he zu beobachten\u201c seien. In Deutschland best\u00fcnden zurzeit 89 berufsst\u00e4ndische Versorgungswerke f\u00fcr die Angeh\u00f6rigen der kammerf\u00e4higen Freien Berufe (\u00c4rzte, Apotheker, Architekten, Notare, Rechtsanw\u00e4lte, Steuerberater bzw. Steuerbevollm\u00e4chtigte, Tier\u00e4rzte, Wirtschaftspr\u00fcfer und vereidigte Buchpr\u00fcfer, Zahn\u00e4rzte, Psychologische Psychotherapeuten sowie Ingenieure), die auf der Grundlage von Landesrecht die Pflichtversorgung ihrer Angeh\u00f6rigen f\u00fcr den Fall des Alters, der Invalidit\u00e4t und des Todes gew\u00e4hrleisten.<\/p>\n<p>Die Bundesregierung sieht in den bestehenden Versorgungseinrichtungen ein historisch gewachsenes, effizientes und effektives System der Alterssicherung f\u00fcr spezifische Berufsst\u00e4nde.\u201cGr\u00fcnde, an deren gesellschafts-, sozial- und wirtschaftspolitischer Sinnhaftigkeit zu zweifeln, sieht sie nicht\u201c, hei\u00dft es weiter. Der Regierung sei \u201dnicht bekannt\u201c, dass sich aktuell neue Versorgungswerke gr\u00fcnden wollten.<\/p>\n<p>W\u00e4hrend in Westdeutschland im Jahr 1991 lediglich 347.000 Mitglieder in die Versorgungswerke einzahlten, erh\u00f6hte sich die Zahl auf 621.000 im Jahr 2006. In Ostdeutschland stieg die Zahl nach Regierungsangaben im selben Zeitraum von 10.000 auf 65.000. Im Jahr 1990 1,11 Prozent aller Erwerbst\u00e4tigen zahlende Mitglieder der berufsst\u00e4ndischen Versorgungswerke gewesen, 2006 lag der Anteil bei 1,76 Prozent.<\/p><\/blockquote>\n<p>&nbsp;<\/p>\n","protected":false},"excerpt":{"rendered":"<p>Deutscher Bundestag: Pressemitteilung Arbeit und Soziales\/Antwort &#8211; 01.02.2010 Berufsst\u00e4ndische Versorgungswerke leiden nicht unter der Krise Berlin: (hib\/ELA\/AW) Die berufsst\u00e4ndischen Versorgungswerke sind aufgrund der Finanzkrise nicht in Schwierigkeiten geraten. Dies schreibt [&#8230;]<\/p>\n","protected":false},"author":13,"featured_media":0,"comment_status":"closed","ping_status":"closed","sticky":false,"template":"","format":"standard","meta":{"ngg_post_thumbnail":0,"iawp_total_views":0,"footnotes":""},"categories":[180],"tags":[],"class_list":["post-1497","post","type-post","status-publish","format-standard","hentry","category-versorgungswerke"],"_links":{"self":[{"href":"https:\/\/iuzb.de\/index.php?rest_route=\/wp\/v2\/posts\/1497","targetHints":{"allow":["GET"]}}],"collection":[{"href":"https:\/\/iuzb.de\/index.php?rest_route=\/wp\/v2\/posts"}],"about":[{"href":"https:\/\/iuzb.de\/index.php?rest_route=\/wp\/v2\/types\/post"}],"author":[{"embeddable":true,"href":"https:\/\/iuzb.de\/index.php?rest_route=\/wp\/v2\/users\/13"}],"replies":[{"embeddable":true,"href":"https:\/\/iuzb.de\/index.php?rest_route=%2Fwp%2Fv2%2Fcomments&post=1497"}],"version-history":[{"count":2,"href":"https:\/\/iuzb.de\/index.php?rest_route=\/wp\/v2\/posts\/1497\/revisions"}],"predecessor-version":[{"id":18754,"href":"https:\/\/iuzb.de\/index.php?rest_route=\/wp\/v2\/posts\/1497\/revisions\/18754"}],"wp:attachment":[{"href":"https:\/\/iuzb.de\/index.php?rest_route=%2Fwp%2Fv2%2Fmedia&parent=1497"}],"wp:term":[{"taxonomy":"category","embeddable":true,"href":"https:\/\/iuzb.de\/index.php?rest_route=%2Fwp%2Fv2%2Fcategories&post=1497"},{"taxonomy":"post_tag","embeddable":true,"href":"https:\/\/iuzb.de\/index.php?rest_route=%2Fwp%2Fv2%2Ftags&post=1497"}],"curies":[{"name":"wp","href":"https:\/\/api.w.org\/{rel}","templated":true}]}}