{"id":14531,"date":"2015-02-21T00:20:16","date_gmt":"2015-02-20T23:20:16","guid":{"rendered":"http:\/\/iuzb.de\/?p=14531"},"modified":"2016-11-08T22:22:44","modified_gmt":"2016-11-08T21:22:44","slug":"kv-berlin-keine-23-mehrheit-fuer-die-abwahl-des-kv-vorstandes","status":"publish","type":"post","link":"https:\/\/iuzb.de\/?p=14531","title":{"rendered":"KV Berlin: Keine 2\/3 Mehrheit f\u00fcr die Abwahl des KV Vorstandes"},"content":{"rendered":"<p><span style=\"text-decoration: underline;\">Pressemitteilung der KV Berlin, vom <a href=\"https:\/\/www.kvberlin.de\/40presse\/10pressemitteilung\/pe150220.html\" target=\"_blank\">20.02.2015<\/a>:<\/span><\/p>\n<p><strong>Entscheidung \u00fcber die Antr\u00e4ge auf Amtsenthebung des Vorstands der KV Berlin<\/strong><\/p>\n<p style=\"text-align: justify;\">Die Vertreterversammlung der Kassen\u00e4rztlichen Vereinigung (KV) Berlin hat in ihrer 47. Sitzung (14. Amtsperiode) \u00fcber die Antr\u00e4ge auf Amtsenthebung der drei Vorstandsmitglieder Dr. Angelika Prehn (Vorstandsvorsitzende), Dr. Uwe Kraffel (stellvertretender Vorstandsvorsitzender) und Burkhard Bratzke (Mitglied des Vorstands) abgestimmt.<\/p>\n<p style=\"text-align: justify;\">Die Antr\u00e4ge waren in der 45. Sitzung der Vertreterversammlung (14. Amtsperiode) am 11. Dezember 2014 gem\u00e4\u00df \u00a7 7 Abs. 6 der Satzung der KV Berlin* gestellt worden. F\u00fcr die Abwahl der einzelnen Vorstandsmitglieder w\u00e4re jeweils eine Zweidrittel-Mehrheit der anwesenden Mitglieder der Vertreterversammlung erforderlich gewesen. In der Sitzung waren 37 Vertreter (2\/3 = 25 Stimmen) anwesend, die wie folgt abgestimmt haben:<\/p>\n<table style=\"width: 832.067px;\">\n<tbody>\n<tr>\n<td style=\"width: 375px;\"><\/td>\n<td style=\"text-align: center; width: 10px;\">Ja-Stimmen<\/td>\n<td style=\"text-align: center; width: 105px;\">Nein-Stimmen<\/td>\n<td style=\"text-align: center; width: 355.067px;\">Enthaltungen<\/td>\n<\/tr>\n<tr>\n<td style=\"width: 375px;\">Vorsitzende Dr. Angelika Prehn<\/td>\n<td style=\"text-align: center; width: 10px;\">21<\/td>\n<td style=\"text-align: center; width: 105px;\">15<\/td>\n<td style=\"text-align: center; width: 355.067px;\">1<\/td>\n<\/tr>\n<tr>\n<td style=\"width: 375px;\">Stellv. Vorsitzender Dr. Uwe Kraffel<\/td>\n<td style=\"text-align: center; width: 10px;\">20<\/td>\n<td style=\"text-align: center; width: 105px;\">15<\/td>\n<td style=\"text-align: center; width: 355.067px;\">1 <span style=\"font-size: 8pt;\">(Eine abgegebene Stimme war ung\u00fcltig)<\/span><\/td>\n<\/tr>\n<tr>\n<td style=\"width: 375px;\">Burkhard Bratzke<\/td>\n<td style=\"text-align: center; width: 10px;\">20<\/td>\n<td style=\"text-align: center; width: 105px;\">16<\/td>\n<td style=\"text-align: center; width: 355.067px;\">1<\/td>\n<\/tr>\n<\/tbody>\n<\/table>\n<p style=\"text-align: justify;\">Es hat sich somit f\u00fcr keinen der drei Vorst\u00e4nde die f\u00fcr eine Abwahl erforderliche Mehrheit gefunden. Sie verbleiben bis zur turnusgem\u00e4\u00dfen Neuwahl Anfang 2017 im Amt.<\/p>\n<p style=\"text-align: justify;\">Dr. Angelika Prehn, Dr. Uwe Kraffel und Burkhard Bratzke waren im Januar 2011 als Vorstand der KV Berlin f\u00fcr eine zweite Amtsperiode best\u00e4tigt worden.<\/p>\n<p><b><i>Pers\u00f6nliche Erkl\u00e4rung von Frau Dr. Prehn \u00fcber die Antr\u00e4ge zur Amtsenthebung des Vorstandes:<\/i><\/b><\/p>\n<p>Das Ergebnis ist ein Zeichen. Ich danke denjenigen, die mir zutrauen, mich in der verbleibenden Amtszeit weiter f\u00fcr die Berliner \u00c4rzte, Psychotherapeuten und Patienten einzusetzen. So wie ich es immer getan habe. Ich freue mich auf eine R\u00fcckkehr zur Sacharbeit.<\/p>\n<p><span style=\"text-decoration: underline;\">Weiterf\u00fchrend:<\/span><\/p>\n<ul>\n<li>20.02.2015 rbb: KV Vorstand bleibt im Amt &#8211; <a href=\"http:\/\/www.rbb-online.de\/abendschau\/archiv\/20150220_1930\/kv-vorstand-bleibt-im-amt.html\" target=\"_blank\">FILMBERICHT<\/a><\/li>\n<li>20.02.2015 kma online: <a href=\"http:\/\/www.kma-online.de\/nachrichten\/politik\/kv-berlin-abwahl-des-vorstands-knapp-gescheitert___id__34805___view.html\" target=\"_blank\">Abwahl des Vorstands knapp gescheitert<\/a><\/li>\n<li>14.11.2014 Kammergericht Berlin: <a href=\"http:\/\/www.iuzb.org\/wordpress\/?p=10341\" target=\"_blank\">Kammergericht l\u00e4sst Anklage gegen Vorstand der Kassen\u00e4rztlichen Vereinigung Berlin zu<\/a><\/li>\n<\/ul>\n<p>Ein sehr ausf\u00fchrlicher Bericht findet sich auf der Seite des &#8222;\u00c4rztenachrichtendienstes&#8220;. Dort allerdings nur f\u00fcr registrierte Kunden.<br \/>\n20.02.2015: &#8222;<a href=\"https:\/\/www.aend.de\/search?q=KV+Berlin\" target=\"_blank\">Keine Zweidrittel-Mehrheit f\u00fcr Abwahl des Vorstandes<\/a>&#8220;<\/p>\n<p>&nbsp;<\/p>\n<p>&nbsp;<\/p>\n","protected":false},"excerpt":{"rendered":"<p>Pressemitteilung der KV Berlin, vom 20.02.2015: Entscheidung \u00fcber die Antr\u00e4ge auf Amtsenthebung des Vorstands der KV Berlin Die Vertreterversammlung der Kassen\u00e4rztlichen Vereinigung (KV) Berlin hat in ihrer 47. Sitzung (14. [&#8230;]<\/p>\n","protected":false},"author":13,"featured_media":0,"comment_status":"closed","ping_status":"closed","sticky":false,"template":"","format":"standard","meta":{"ngg_post_thumbnail":0,"iawp_total_views":6,"footnotes":""},"categories":[120],"tags":[],"class_list":["post-14531","post","type-post","status-publish","format-standard","hentry","category-kv-berlin"],"_links":{"self":[{"href":"https:\/\/iuzb.de\/index.php?rest_route=\/wp\/v2\/posts\/14531","targetHints":{"allow":["GET"]}}],"collection":[{"href":"https:\/\/iuzb.de\/index.php?rest_route=\/wp\/v2\/posts"}],"about":[{"href":"https:\/\/iuzb.de\/index.php?rest_route=\/wp\/v2\/types\/post"}],"author":[{"embeddable":true,"href":"https:\/\/iuzb.de\/index.php?rest_route=\/wp\/v2\/users\/13"}],"replies":[{"embeddable":true,"href":"https:\/\/iuzb.de\/index.php?rest_route=%2Fwp%2Fv2%2Fcomments&post=14531"}],"version-history":[{"count":2,"href":"https:\/\/iuzb.de\/index.php?rest_route=\/wp\/v2\/posts\/14531\/revisions"}],"predecessor-version":[{"id":14533,"href":"https:\/\/iuzb.de\/index.php?rest_route=\/wp\/v2\/posts\/14531\/revisions\/14533"}],"wp:attachment":[{"href":"https:\/\/iuzb.de\/index.php?rest_route=%2Fwp%2Fv2%2Fmedia&parent=14531"}],"wp:term":[{"taxonomy":"category","embeddable":true,"href":"https:\/\/iuzb.de\/index.php?rest_route=%2Fwp%2Fv2%2Fcategories&post=14531"},{"taxonomy":"post_tag","embeddable":true,"href":"https:\/\/iuzb.de\/index.php?rest_route=%2Fwp%2Fv2%2Ftags&post=14531"}],"curies":[{"name":"wp","href":"https:\/\/api.w.org\/{rel}","templated":true}]}}