{"id":1453,"date":"2010-05-12T15:59:56","date_gmt":"2010-05-12T13:59:56","guid":{"rendered":"http:\/\/www.iuzb.org\/wordpress\/?p=1453"},"modified":"2016-12-01T08:43:03","modified_gmt":"2016-12-01T07:43:03","slug":"doppelter-missbrauchsfall-in-der-kzv-herr-dr-h-kann-sich-nicht-beherrschen","status":"publish","type":"post","link":"https:\/\/iuzb.de\/?p=1453","title":{"rendered":"Doppelter Missbrauchsfall in der KZV &#8211; Herr Dr. H. kann sich nicht beherrschen"},"content":{"rendered":"<p style=\"text-align: justify;\">Dass die MBZ, das Mitteilungsblatt Berliner Zahn\u00e4rzte, von allen Zahn\u00e4rzten Berlins finanziert wird, m\u00fcsste an sich Anlass sein, dort eine Sachlichkeit walten zu lassen, die eine Repr\u00e4sentation aller Zahn\u00e4rzte Berlins verlangt.<\/p>\n<p style=\"text-align: justify;\">Stattdessen wird dieses Mitteilungsblatt insbesondere von KZV-Vorst\u00e4nden, und hier vorzugsweise von Herrn Dr. Husemann immer wieder zur Selbstdarstellung und vor allem f\u00fcr Attacken auf berufspolitische Gegner missbraucht. Auch ein R\u00fcffel der Fachaufsicht mit der nachdr\u00fccklichen Bitte um mehr Sachlichkeit in seiner Wortwahl in der MBZ kann ihn da kaum aufhalten.<\/p>\n<p style=\"text-align: justify;\">Denn die MBZ hat nat\u00fcrlich eine viel breitere Leserschaft, als die eigene Verbandsgazette, die aufgrund ihres beschr\u00e4nkten Informationswertes wahrscheinlich nicht einmal von allen Beziehern gelesen wird.<\/p>\n<p style=\"text-align: justify;\">Aber es gibt neben der MBZ noch ein weiteres Missbrauchsopfer \u2013 unsere &#8222;Ostkolleginnen und \u2013kollegen&#8220;.<\/p>\n<p style=\"text-align: justify;\">Verpackt in einen Gl\u00fcckwunsch zum zwanzigj\u00e4hrigen Praxisjubil\u00e4um (<a href=\"http:\/\/www.drdohmeier.de\/wp-content\/uploads\/2010\/05\/mbzeditorial052010.pdf\" target=\"_blank\">MBZ 5\/10<\/a>) wird hier bereits munter Wahlkampf f\u00fcr die Vertreterversammlungswahl im Herbst betrieben.<\/p>\n<p style=\"text-align: justify;\">Eine wenig eitle Selbstdarstellung (Unser Huse als Schlichter in der Z\u00c4K \u2013 ach ja, das waren Zeiten, und immer unter der Last der uneigenn\u00fctzigen Verantwortung) leitet dann aber \u00fcber in eine w\u00fcste Beschimpfung gegen die IUZB und ihren Vorsitzenden Gerhard Gneist.<\/p>\n<p style=\"text-align: justify;\">Ausgangspunkt ist ein perfides Lehrst\u00fcck von Tatsachenverdrehung. Die Honorarr\u00fcckforderungen 1997 \u2013 1999 und der Kampf gegen die R\u00fcckforderungsbescheide wird zum Privatkonflikt Gneist gegen KZV Berlin hochstilisiert. Nur sehr erinnerungsschwache Kollegen haben vergessen, dass Zahn\u00e4rzte quer durch alle gr\u00f6\u00dferen Berufsverb\u00e4nde, auch Mitglieder des Freien Verbandes und des Berliner Verbandes, sich gegen diese Bescheide verwahrten.<\/p>\n<p style=\"text-align: justify;\">Und der Schaden f\u00fcr die KZV wurde nicht etwa durch diese Kl\u00e4ger aus dem gesamten berufspolitischen Spektrum verursacht, sondern zun\u00e4chst durch eine KZV, die derartig \u00fcberh\u00f6ht Honorarbescheide erlassen hatte, die erst Grundlage f\u00fcr Honorarr\u00fcckforderungen werden konnten, und dann durch einen Vorstand \u2013 u.a. auch Herr Dr. Husemann \u2013 der sich in seiner Hybris selbst einem vollstreckbaren Titel im einstweiligen Rechtsschutz nicht beugen wollte \u2013 dann aber erfahren musste, dass das Prozessrecht sogar f\u00fcr KZV-Vorst\u00e4nde gilt.<\/p>\n<p style=\"text-align: justify;\">Dass das Bundessozialgericht schlie\u00dflich eine Entscheidung f\u00e4llte, welches die KZV Berlin davor bewahrte, an ihren eigenen Kapriolen zu Grunde zu gehen, ist \u2013 aus einer gewissen distanzierten Sicht \u2013 nachvollziehbar. Jedenfalls ist die St\u00fctzung des Systems auch bei massiven Fehlleistungen eine Grundtendenz sozialrechtlicher Rechtsprechung.<\/p>\n<p style=\"text-align: justify;\">Und was hat dies alles nun mit dem \u201eHerzlichen Gl\u00fcckwunsch\u201c f\u00fcr die Zahn\u00e4rzte aus dem Beitrittsgebiet zu tun?<\/p>\n<p style=\"text-align: justify;\">Nichts, diese Kolleginnen und Kollegen k\u00f6nnen sich zu Recht veralbert und missbraucht f\u00fchlen, als Vorwand f\u00fcr eine Hasstirade gegen die IUZB und Herrn Gneist.<\/p>\n<p style=\"text-align: justify;\">F\u00fcr alle diese Missbrauchsopfer und auch sonst alle Interessierten gilt unser Angebot, sich bei uns \u00fcber die Verfahren zu den R\u00fcckforderungsbescheiden 97 bis 99 \u2013 sicherlich nicht unparteiisch, aber sachlich \u2013 zu informieren.<\/p>\n<p style=\"text-align: justify;\"><span style=\"color: white;\">.<\/span><\/p>\n","protected":false},"excerpt":{"rendered":"<p>Dass die MBZ, das Mitteilungsblatt Berliner Zahn\u00e4rzte, von allen Zahn\u00e4rzten Berlins finanziert wird, m\u00fcsste an sich Anlass sein, dort eine Sachlichkeit walten zu lassen, die eine Repr\u00e4sentation aller Zahn\u00e4rzte Berlins [&#8230;]<\/p>\n","protected":false},"author":13,"featured_media":0,"comment_status":"closed","ping_status":"closed","sticky":false,"template":"","format":"standard","meta":{"ngg_post_thumbnail":0,"iawp_total_views":0,"footnotes":""},"categories":[85,192],"tags":[],"class_list":["post-1453","post","type-post","status-publish","format-standard","hentry","category-hvm","category-neutralitaetspflicht-kzv"],"_links":{"self":[{"href":"https:\/\/iuzb.de\/index.php?rest_route=\/wp\/v2\/posts\/1453","targetHints":{"allow":["GET"]}}],"collection":[{"href":"https:\/\/iuzb.de\/index.php?rest_route=\/wp\/v2\/posts"}],"about":[{"href":"https:\/\/iuzb.de\/index.php?rest_route=\/wp\/v2\/types\/post"}],"author":[{"embeddable":true,"href":"https:\/\/iuzb.de\/index.php?rest_route=\/wp\/v2\/users\/13"}],"replies":[{"embeddable":true,"href":"https:\/\/iuzb.de\/index.php?rest_route=%2Fwp%2Fv2%2Fcomments&post=1453"}],"version-history":[{"count":1,"href":"https:\/\/iuzb.de\/index.php?rest_route=\/wp\/v2\/posts\/1453\/revisions"}],"predecessor-version":[{"id":17340,"href":"https:\/\/iuzb.de\/index.php?rest_route=\/wp\/v2\/posts\/1453\/revisions\/17340"}],"wp:attachment":[{"href":"https:\/\/iuzb.de\/index.php?rest_route=%2Fwp%2Fv2%2Fmedia&parent=1453"}],"wp:term":[{"taxonomy":"category","embeddable":true,"href":"https:\/\/iuzb.de\/index.php?rest_route=%2Fwp%2Fv2%2Fcategories&post=1453"},{"taxonomy":"post_tag","embeddable":true,"href":"https:\/\/iuzb.de\/index.php?rest_route=%2Fwp%2Fv2%2Ftags&post=1453"}],"curies":[{"name":"wp","href":"https:\/\/api.w.org\/{rel}","templated":true}]}}