{"id":1416,"date":"2010-04-08T20:42:58","date_gmt":"2010-04-08T18:42:58","guid":{"rendered":"http:\/\/www.iuzb.org\/wordpress\/?p=1416"},"modified":"2016-12-01T08:39:14","modified_gmt":"2016-12-01T07:39:14","slug":"kollege-geist-und-die-demokratisch-legitimierte-mehrheit","status":"publish","type":"post","link":"https:\/\/iuzb.de\/?p=1416","title":{"rendered":"Kollege Geist und die demokratisch legitimierte Mehrheit"},"content":{"rendered":"<p style=\"text-align: justify;\">Nein, alle Witze und Wortspiele mit dem Nachnamen des Kollegen und Vizepr\u00e4sidenten der Zahn\u00e4rztekammer <a href=\"http:\/\/www.zaek-berlin.de\/kammer\/vorstand-und-geschaeftsfuehrung.html\" target=\"_blank\">Karsten Geist<\/a> sind bereits gemacht. Wir verkneifen uns \u2013 hier und heute \u2013 Wiederholungen. Seine <a href=\"http:\/\/www.fvdz.de\/fv\/wwwlv.nsf\/1ef88ba9f1505289c125657c005436fa\/c79eab38f18e9542c12576f800426256\/$FILE\/BA_29.pdf\" target=\"_blank\">Ausf\u00fchrungen<\/a> zu den Grundlagen der Demokratie sind allerdings eine arge Versuchung. Sie lassen sich auf einen einzigen Satz herunter brechen: Wer die Mehrheit hat, hat das Sagen und darf machen, was er will. Danke f\u00fcr diese Offenheit.<\/p>\n<p style=\"text-align: justify;\">Aus dieser Sicht ist uns Einiges erkl\u00e4rlich.<\/p>\n<ul>\n<li style=\"text-align: justify;\">Die fehlende Kontrolle des Vorstandes durch die Vertreterversammlung,<\/li>\n<li style=\"text-align: justify;\">die Entlastungsbeschl\u00fcsse trotz vielf\u00e4ltiger Beanstandungen im Rechnungspr\u00fcfungsbericht,<\/li>\n<li style=\"text-align: justify;\">die Beg\u00fcnstigung eines Funktion\u00e4rs mit einer Erm\u00e4chtigung parallel zur Zulassung.<\/li>\n<\/ul>\n<p style=\"text-align: justify;\">Der Stellenwert einer Opposition ersch\u00f6pft sich bei dieser Sichtweise in miesepeterigem Spielverderben. Und wenn sich einmal Mitglieder der Opposition untereinander kritisieren, passt das verst\u00e4ndlicherweise nicht in diese kleine und geordnete Welt des Herrn Geist. W\u00fcrde ihm gegen\u00fcber den anderen Granden der KZV und des VZB nicht einfallen, da gelten andere Gesetze \u2026.<\/p>\n<p style=\"text-align: justify;\">Aber, sehr geehrter Herr Kollege Geist, das ist nicht unsere Welt. F\u00fcr uns z\u00e4hlen Meinungsfreiheit, Transparenz, Glaubw\u00fcrdigkeit, Vertrauen, Mitdenken, Garantie von pers\u00f6nlichen und politischen Rechten sowie faire Wahlen und Recht auf Kritik zu einer funktionierenden Demokratie.<\/p>\n<p style=\"text-align: justify;\">Ach ja, gut versteckt dann der tats\u00e4chliche Anlass der Wortblasen von Herr Geist \u2013 die Abstimmung in der Vertreterversammlung \u00fcber die R\u00fcckforderung von rechtswidrig ausgezahlten Honoraren von einem Funktion\u00e4r, der neben seiner Zulassung auch noch eine Erm\u00e4chtigung erhalten hat. Nat\u00fcrlich muss das ein Gericht entscheiden. Aber Kl\u00e4ger w\u00e4re die KZV, vertreten durch ihren Vorstand, der sich nicht r\u00fchrt, und von einer Vertreterversammlung, deren Mehrheit einmal mehr versagt.<\/p>\n<p style=\"text-align: justify;\">Fast m\u00f6chte man da an einen Artikel von Kollegen <a href=\"http:\/\/www.zaek-berlin.de\/kammer\/vorstand-und-geschaeftsfuehrung.html\" target=\"_blank\">Dobberstein<\/a> (Freier Verband) denken, der mit seiner Analyse (<a href=\"http:\/\/www.fvdz.de\/fv\/wwwlv.nsf\/1ef88ba9f1505289c125657c005436fa\/c79eab38f18e9542c12576f800426256\/$FILE\/BA_29.pdf\" target=\"_blank\">\u00dcber Mikro- und Makroidioten<\/a>) zwar zweifelsohne etwas geistreicher daherkommt, sich dann aber heillos in seinen eigenen Parabeln verheddert. Beklagt er im Makrokosmos (Bundesrepublik) die Uneinigkeit des Regierungslagers, so kommt beim Mikrokosmos (Zahnmedizin in Berlin) auch wieder nur Schimpfen auf die Opposition heraus. Dabei k\u00f6nnte doch die Mehrheit in der KZV ein so gutes Vorbild f\u00fcr die Regierungskoalition sein, durch bedingungsloses Zusammenhalten und Leugnen sich \u00fcber die Jahre zu mogeln und jeden kleinen Vorteil (denn Berlin hat immer noch das niedrigste Budget) als massiven Erfolg zu feiern. Die Regierungskoalition hat es allerdings neben einer engagierten Opposition auch mit einer wachen \u00d6ffentlichkeit und interessierten Medien zu tun. Das k\u00f6nnte ein wichtiger Unterschied sein \u2026<\/p>\n<p style=\"text-align: justify;\">Muss aber nicht so bleiben.<\/p>\n<p><span style=\"color: white;\">.<\/span><\/p>\n<p><span style=\"color: #000000;\">Gerhard Gneist<br \/>\n<\/span><\/p>\n","protected":false},"excerpt":{"rendered":"<p>Nein, alle Witze und Wortspiele mit dem Nachnamen des Kollegen und Vizepr\u00e4sidenten der Zahn\u00e4rztekammer Karsten Geist sind bereits gemacht. Wir verkneifen uns \u2013 hier und heute \u2013 Wiederholungen. Seine Ausf\u00fchrungen [&#8230;]<\/p>\n","protected":false},"author":13,"featured_media":0,"comment_status":"closed","ping_status":"closed","sticky":false,"template":"","format":"standard","meta":{"ngg_post_thumbnail":0,"iawp_total_views":0,"footnotes":""},"categories":[140,128,129,92,93],"tags":[],"class_list":["post-1416","post","type-post","status-publish","format-standard","hentry","category-fvdz","category-nachtnofalldienstskandal","category-rechnungspruefung","category-spiegelbildlichkeit-kzv-berlin","category-spiegelbildlichkeit-zahnaerztekammer-berlin"],"_links":{"self":[{"href":"https:\/\/iuzb.de\/index.php?rest_route=\/wp\/v2\/posts\/1416","targetHints":{"allow":["GET"]}}],"collection":[{"href":"https:\/\/iuzb.de\/index.php?rest_route=\/wp\/v2\/posts"}],"about":[{"href":"https:\/\/iuzb.de\/index.php?rest_route=\/wp\/v2\/types\/post"}],"author":[{"embeddable":true,"href":"https:\/\/iuzb.de\/index.php?rest_route=\/wp\/v2\/users\/13"}],"replies":[{"embeddable":true,"href":"https:\/\/iuzb.de\/index.php?rest_route=%2Fwp%2Fv2%2Fcomments&post=1416"}],"version-history":[{"count":3,"href":"https:\/\/iuzb.de\/index.php?rest_route=\/wp\/v2\/posts\/1416\/revisions"}],"predecessor-version":[{"id":17339,"href":"https:\/\/iuzb.de\/index.php?rest_route=\/wp\/v2\/posts\/1416\/revisions\/17339"}],"wp:attachment":[{"href":"https:\/\/iuzb.de\/index.php?rest_route=%2Fwp%2Fv2%2Fmedia&parent=1416"}],"wp:term":[{"taxonomy":"category","embeddable":true,"href":"https:\/\/iuzb.de\/index.php?rest_route=%2Fwp%2Fv2%2Fcategories&post=1416"},{"taxonomy":"post_tag","embeddable":true,"href":"https:\/\/iuzb.de\/index.php?rest_route=%2Fwp%2Fv2%2Ftags&post=1416"}],"curies":[{"name":"wp","href":"https:\/\/api.w.org\/{rel}","templated":true}]}}