{"id":14092,"date":"2015-01-27T23:30:26","date_gmt":"2015-01-27T22:30:26","guid":{"rendered":"http:\/\/iuzb.de\/?p=14092"},"modified":"2016-11-06T08:54:35","modified_gmt":"2016-11-06T07:54:35","slug":"fleesensee-geschaeftsfuehrerwechsel","status":"publish","type":"post","link":"https:\/\/iuzb.de\/?p=14092","title":{"rendered":"Fleesensee: Gesch\u00e4ftsf\u00fchrerwechsel"},"content":{"rendered":"<p>WAZ, 19.01.2015:<\/p>\n<ul>\n<li><strong>\u201eDas Basislager f\u00fcr die Familie bleibt Attendorn\u201c<\/strong> &#8211; <a href=\"http:\/\/www.derwesten.de\/staedte\/nachrichten-aus-attendorn-und-finnentrop\/das-basislager-fuer-die-familie-bleibt-attendorn-aimp-id10250426.html\" target=\"_blank\">lesen<\/a><\/li>\n<\/ul>\n<blockquote>\n<div><a href=\"http:\/\/de.wikipedia.org\/wiki\/Attendorn\" target=\"_blank\">Attendorns<\/a> ehemaliger B\u00fcrgermeister <a href=\"http:\/\/de.wikipedia.org\/wiki\/Wolfgang_Hilleke\" target=\"_blank\">Wolfgang Hilleke<\/a> hat eine neue Aufgabe gefunden&#8230;[er] fungiert als Bindeglied zwischen der LIM und der Fleesensee Holding.<\/div>\n<div>\n<div>\n<p>Wolfgang Hilleke: Angesprochen worden bin ich von Kai Richter, dem Managing Director von LIM. Richter und J\u00f6rg Lindner engagieren sich \u00fcber die <a href=\"http:\/\/www.mi-haus.com\/biggesee.html\" target=\"_blank\">MI-Haus<\/a> bekanntlich auch in der Waldenburger Bucht mit dem k\u00fcnftigen Ferienhausgebiet, daher kennen wir uns.<\/p>\n<div>Was reizt an dieser Aufgabe?: Etwas v\u00f6llig Neues auszuprobieren, ein neues Umfeld und eine neue Aufgabe,&#8230;<\/div>\n<\/div>\n<\/div>\n<\/blockquote>\n<div>Der <a href=\"http:\/\/www.sauerlandkurier.de\/vermischtes\/neue-aufgabe-fuer-hilleke\/\" target=\"_blank\">SauerlandKurier<\/a> erg\u00e4nzt am 21.01.2015 mit folgender Information:<\/div>\n<blockquote>\n<div>Bei der Fleesensee Holding ist der Attendorner jetzt unmittelbar f\u00fcr den Golfclub, alle Sportanlagen und den Spa-Bereich verantwortlich.<\/div>\n<\/blockquote>\n<div>\u00dcber noch umfassendere Informationen verf\u00fcgt am 22.01.2015 der <a href=\"http:\/\/www.nordkurier.de\/mueritz\/sauerlaender-wird-geschaeftsfuehrer-im-land-fleesensee-2212497601.html\" target=\"_blank\">Nordkurier<\/a>, wonach es sich um einen Gesch\u00e4ftsf\u00fchrerwechsel handelt:<\/div>\n<blockquote>\n<div>Nun also doch ein Wechsel an der Spitze: Der bisherige Gesch\u00e4ftsf\u00fchrer, Thomas D\u00f6bber-R\u00fcther, wurde von den neuen Besitzern des Ferienresorts abberufen. Sein Nachfolger steht schon fest.<\/div>\n<\/blockquote>\n<div>Die <a href=\"http:\/\/www.ahgz.de\/personalien\/thomas-doebber-ruether-verlaesst-land-fleesensee,200012218857.html\" target=\"_blank\">Allgemeine Hotel- und Gastronomiezeitung<\/a> berichtet am 23.01.2015, dass der bisherige, seit dem <a href=\"http:\/\/www.google.de\/url?sa=t&amp;rct=j&amp;q=&amp;esrc=s&amp;source=web&amp;cd=2&amp;cad=rja&amp;uact=8&amp;ved=0CCkQFjAB&amp;url=http%3A%2F%2Fwww.golfclub-fleesensee.de%2Fpdf%2FPI%2FPI_NeueManagementstruktur_010808.pdf&amp;ei=ow3IVMapFIaX7Qbaq4GQDw&amp;usg=AFQjCNE5zLym42GLF9yV5KvbOAvdMaTV3g&amp;bvm=bv.84349003,d.ZGU\" target=\"_blank\">01.08.2008<\/a> im Amt befindliche Gesch\u00e4ftsf\u00fchrer das Unternehmen auf eigenen Wunsch verl\u00e4sst, um sich neuen beruflichen Herausforderungen zuzuwenden.<\/div>\n<div><span style=\"color: #ffffff;\">.<\/span><\/div>\n<div>Das Portal &#8222;<a href=\"http:\/\/www.wir-sind-mueritzer.de\/allgemein\/neue-chef-am-fleesensee\/\" target=\"_blank\">Wir sind M\u00fcritzer<\/a>&#8220; vermochte am 22.01.2015 noch zu erg\u00e4nzen:<\/div>\n<blockquote>\n<div>Thomas D\u00f6bber-R\u00fcther, der die Geschicke der Anlage achteinhalb Jahre leitete, verl\u00e4sst den Fleesensee nach eigenen Angaben nicht im Groll: \u201cIch denke, der neue Eigent\u00fcmer geht den richtigen Schritt und hat mit Herrn Hilleke auch den richtigen Mann engagiert. Selbstverst\u00e4ndlich werde ich die Entwicklung des Resorts weiter verfolgen\u201d, sagte Thomas D\u00f6bber-R\u00fcther auf Nachfrage von \u201cWir sind M\u00fcritzer\u201d. Er\u00a0hat neue Jobs in Aussicht und m\u00f6chte\u00a0gerne in Mecklenburg-Vorpommern bleiben. \u201cIch liebe diese Region und die Menschen hier\u201d, sagte er.<\/div>\n<\/blockquote>\n<div>An der Fleesensee Holding sind zu 55 % die Lindner Investment Management GmbH (<a href=\"http:\/\/limg.eu\/\" target=\"_blank\">LIM<\/a>) und zu 45 Prozent das Versorgungswerk der Zahn\u00e4rztekammer Berlin beteiligt.<\/div>\n<div><span style=\"color: #ffffff;\">.<\/span><\/div>\n<div><span style=\"color: #ffffff;\">.<\/span><\/div>\n<div><span style=\"color: #ffffff;\">.<\/span><\/div>\n","protected":false},"excerpt":{"rendered":"<p>WAZ, 19.01.2015: \u201eDas Basislager f\u00fcr die Familie bleibt Attendorn\u201c &#8211; lesen Attendorns ehemaliger B\u00fcrgermeister Wolfgang Hilleke hat eine neue Aufgabe gefunden&#8230;[er] fungiert als Bindeglied zwischen der LIM und der Fleesensee [&#8230;]<\/p>\n","protected":false},"author":13,"featured_media":0,"comment_status":"closed","ping_status":"closed","sticky":false,"template":"","format":"standard","meta":{"ngg_post_thumbnail":0,"iawp_total_views":1,"footnotes":""},"categories":[86,47],"tags":[],"class_list":["post-14092","post","type-post","status-publish","format-standard","hentry","category-investment-fleesensee","category-versorgungswerk-vzb"],"_links":{"self":[{"href":"https:\/\/iuzb.de\/index.php?rest_route=\/wp\/v2\/posts\/14092","targetHints":{"allow":["GET"]}}],"collection":[{"href":"https:\/\/iuzb.de\/index.php?rest_route=\/wp\/v2\/posts"}],"about":[{"href":"https:\/\/iuzb.de\/index.php?rest_route=\/wp\/v2\/types\/post"}],"author":[{"embeddable":true,"href":"https:\/\/iuzb.de\/index.php?rest_route=\/wp\/v2\/users\/13"}],"replies":[{"embeddable":true,"href":"https:\/\/iuzb.de\/index.php?rest_route=%2Fwp%2Fv2%2Fcomments&post=14092"}],"version-history":[{"count":1,"href":"https:\/\/iuzb.de\/index.php?rest_route=\/wp\/v2\/posts\/14092\/revisions"}],"predecessor-version":[{"id":14093,"href":"https:\/\/iuzb.de\/index.php?rest_route=\/wp\/v2\/posts\/14092\/revisions\/14093"}],"wp:attachment":[{"href":"https:\/\/iuzb.de\/index.php?rest_route=%2Fwp%2Fv2%2Fmedia&parent=14092"}],"wp:term":[{"taxonomy":"category","embeddable":true,"href":"https:\/\/iuzb.de\/index.php?rest_route=%2Fwp%2Fv2%2Fcategories&post=14092"},{"taxonomy":"post_tag","embeddable":true,"href":"https:\/\/iuzb.de\/index.php?rest_route=%2Fwp%2Fv2%2Ftags&post=14092"}],"curies":[{"name":"wp","href":"https:\/\/api.w.org\/{rel}","templated":true}]}}