{"id":14009,"date":"2015-04-12T12:04:25","date_gmt":"2015-04-12T10:04:25","guid":{"rendered":"http:\/\/iuzb.de\/?p=14009"},"modified":"2016-11-07T21:14:16","modified_gmt":"2016-11-07T20:14:16","slug":"berlin-datenschuetzer-dix-fordert-glaeserne-verwaltung","status":"publish","type":"post","link":"https:\/\/iuzb.de\/?p=14009","title":{"rendered":"Berlin: Datensch\u00fctzer Dix fordert gl\u00e4serne Verwaltung"},"content":{"rendered":"<p>Berliner Morgenpost, 12.04.2015<\/p>\n<ul>\n<li><a href=\"http:\/\/www.morgenpost.de\/berlin\/article139426606\/Datenschuetzer-Dix-fordert-glaeserne-Verwaltung-in-Berlin.html\" target=\"_blank\">Datensch\u00fctzer Dix fordert gl\u00e4serne Verwaltung in Berlin<\/a><\/li>\n<\/ul>\n<p>&nbsp;<\/p>\n<p>&nbsp;<\/p>\n<p><img loading=\"lazy\" decoding=\"async\" class=\"alignleft size-full wp-image-11075\" src=\"http:\/\/www.iuzb.org\/wordpress\/wp-content\/uploads\/2015\/03\/Logo-IUZB-Lupe-Icon.jpg\" alt=\"Logo IUZB Lupe Icon\" width=\"30\" height=\"32\" \/><strong>Wie sieht es bei den zahn\u00e4rztlichen K\u00f6rperschaften in Berlin aus?<\/strong><\/p>\n<p style=\"text-align: justify;\">In Bezug auf die Zahn\u00e4rztekammer Berlin und das Versorgungswerk der Zahn\u00e4rztekammer Berlin ist anzumerken, dass beide K\u00f6rperschaften des \u00f6ffentlichen Rechts nicht einmal in der Lage sind, die Protokolle der Delegiertenversammlung und der Vertreterversammlung barrierefrei im Internet zu ver\u00f6ffentlichen, obwohl beide K\u00f6rperschaften in vollem Umfang dem Berliner IFG unterliegen.<\/p>\n<p style=\"text-align: justify;\">Auch Vorstands- und Ausschussprotokolle werden von allen drei K\u00f6rperschaften nicht ver\u00f6ffentlicht, obwohl dies (zum Beispiel mit Teilschw\u00e4rzungen versehen, oder auf Beschl\u00fcsse begrenzt) durchaus ohne viel Verwaltungsaufwand m\u00f6glich w\u00e4re!<\/p>\n<p style=\"text-align: justify;\">Dabei sollten gerade der freie Dokumentenzugang dem Selbstverst\u00e4ndnis einer Selbstverwaltungsk\u00f6rperschaft entsprechen.<\/p>\n<p style=\"text-align: justify;\">Denn: <span style=\"color: #ff0000;\">Selbst<\/span><span style=\"color: #0000ff;\">verwaltung kommt nicht von<\/span> <span style=\"color: #ff0000;\">selbst<\/span>!<\/p>\n<p style=\"text-align: justify;\"><span style=\"color: #ffffff;\">.<\/span><\/p>\n","protected":false},"excerpt":{"rendered":"<p>Berliner Morgenpost, 12.04.2015 Datensch\u00fctzer Dix fordert gl\u00e4serne Verwaltung in Berlin &nbsp; &nbsp; Wie sieht es bei den zahn\u00e4rztlichen K\u00f6rperschaften in Berlin aus? In Bezug auf die Zahn\u00e4rztekammer Berlin und das [&#8230;]<\/p>\n","protected":false},"author":13,"featured_media":0,"comment_status":"closed","ping_status":"closed","sticky":false,"template":"","format":"standard","meta":{"ngg_post_thumbnail":0,"iawp_total_views":1,"footnotes":""},"categories":[108,47,46],"tags":[],"class_list":["post-14009","post","type-post","status-publish","format-standard","hentry","category-datenschutz-und-informationsfreiheit","category-versorgungswerk-vzb","category-zahnaerztekammer-berlin"],"_links":{"self":[{"href":"https:\/\/iuzb.de\/index.php?rest_route=\/wp\/v2\/posts\/14009","targetHints":{"allow":["GET"]}}],"collection":[{"href":"https:\/\/iuzb.de\/index.php?rest_route=\/wp\/v2\/posts"}],"about":[{"href":"https:\/\/iuzb.de\/index.php?rest_route=\/wp\/v2\/types\/post"}],"author":[{"embeddable":true,"href":"https:\/\/iuzb.de\/index.php?rest_route=\/wp\/v2\/users\/13"}],"replies":[{"embeddable":true,"href":"https:\/\/iuzb.de\/index.php?rest_route=%2Fwp%2Fv2%2Fcomments&post=14009"}],"version-history":[{"count":2,"href":"https:\/\/iuzb.de\/index.php?rest_route=\/wp\/v2\/posts\/14009\/revisions"}],"predecessor-version":[{"id":14011,"href":"https:\/\/iuzb.de\/index.php?rest_route=\/wp\/v2\/posts\/14009\/revisions\/14011"}],"wp:attachment":[{"href":"https:\/\/iuzb.de\/index.php?rest_route=%2Fwp%2Fv2%2Fmedia&parent=14009"}],"wp:term":[{"taxonomy":"category","embeddable":true,"href":"https:\/\/iuzb.de\/index.php?rest_route=%2Fwp%2Fv2%2Fcategories&post=14009"},{"taxonomy":"post_tag","embeddable":true,"href":"https:\/\/iuzb.de\/index.php?rest_route=%2Fwp%2Fv2%2Ftags&post=14009"}],"curies":[{"name":"wp","href":"https:\/\/api.w.org\/{rel}","templated":true}]}}