{"id":13505,"date":"2016-01-27T12:14:56","date_gmt":"2016-01-27T11:14:56","guid":{"rendered":"http:\/\/www.iuzb.org\/wordpress\/?p=13505"},"modified":"2016-11-19T19:52:25","modified_gmt":"2016-11-19T18:52:25","slug":"iuzb-vorstand-neu-gewaehlt-2","status":"publish","type":"post","link":"https:\/\/iuzb.de\/?p=13505","title":{"rendered":"IUZB-Vorstand neu gew\u00e4hlt"},"content":{"rendered":"<p>Die Mitgliederversammlung der Initiative Unabh\u00e4ngige Zahn\u00e4rzte Berlin (IUZB) e.V., hat am 26. Januar 2016 den Vereinsvorstand wie folgt neu gew\u00e4hlt:<\/p>\n<table style=\"width: 530px;\">\n<tbody>\n<tr>\n<td style=\"width: 130px;\">1. Vorsitzender<\/td>\n<td style=\"width: 10.9167px;\">:<\/td>\n<td style=\"width: 308.083px;\">Gerhard Gneist<\/td>\n<\/tr>\n<tr>\n<td style=\"width: 130px;\">2. Vorsitzender<\/td>\n<td style=\"width: 10.9167px;\">:<\/td>\n<td style=\"width: 308.083px;\">Dr. Helmut Dohmeier-de Haan<\/td>\n<\/tr>\n<tr>\n<td style=\"width: 130px;\">Schatzmeister<\/td>\n<td style=\"width: 10.9167px;\">:<\/td>\n<td style=\"width: 308.083px;\">Alexander Klutke<\/td>\n<\/tr>\n<tr>\n<td style=\"width: 130px;\">Schriftf\u00fchrer<\/td>\n<td style=\"width: 10.9167px;\">:<\/td>\n<td style=\"width: 308.083px;\">Dr. Peter Zemlin<\/td>\n<\/tr>\n<tr>\n<td style=\"width: 130px;\">Beisitzer<\/td>\n<td style=\"width: 10.9167px;\">:<\/td>\n<td style=\"width: 308.083px;\">Frank Bloch<\/td>\n<\/tr>\n<tr>\n<td style=\"width: 130px;\">Beisitzer<\/td>\n<td style=\"width: 10.9167px;\">:<\/td>\n<td style=\"width: 308.083px;\">Dr. Lutz-Stephan Wei\u00df<\/td>\n<\/tr>\n<\/tbody>\n<\/table>\n<p><span style=\"color: #ffffff;\">\u00a0<\/span><\/p>\n","protected":false},"excerpt":{"rendered":"<p>Die Mitgliederversammlung der Initiative Unabh\u00e4ngige Zahn\u00e4rzte Berlin (IUZB) e.V., hat am 26. Januar 2016 den Vereinsvorstand wie folgt neu gew\u00e4hlt: 1. Vorsitzender : Gerhard Gneist 2. Vorsitzender : Dr. Helmut [&#8230;]<\/p>\n","protected":false},"author":13,"featured_media":0,"comment_status":"closed","ping_status":"closed","sticky":false,"template":"","format":"standard","meta":{"ngg_post_thumbnail":0,"iawp_total_views":0,"footnotes":""},"categories":[48],"tags":[],"class_list":["post-13505","post","type-post","status-publish","format-standard","hentry","category-iuzb"],"_links":{"self":[{"href":"https:\/\/iuzb.de\/index.php?rest_route=\/wp\/v2\/posts\/13505","targetHints":{"allow":["GET"]}}],"collection":[{"href":"https:\/\/iuzb.de\/index.php?rest_route=\/wp\/v2\/posts"}],"about":[{"href":"https:\/\/iuzb.de\/index.php?rest_route=\/wp\/v2\/types\/post"}],"author":[{"embeddable":true,"href":"https:\/\/iuzb.de\/index.php?rest_route=\/wp\/v2\/users\/13"}],"replies":[{"embeddable":true,"href":"https:\/\/iuzb.de\/index.php?rest_route=%2Fwp%2Fv2%2Fcomments&post=13505"}],"version-history":[{"count":3,"href":"https:\/\/iuzb.de\/index.php?rest_route=\/wp\/v2\/posts\/13505\/revisions"}],"predecessor-version":[{"id":16178,"href":"https:\/\/iuzb.de\/index.php?rest_route=\/wp\/v2\/posts\/13505\/revisions\/16178"}],"wp:attachment":[{"href":"https:\/\/iuzb.de\/index.php?rest_route=%2Fwp%2Fv2%2Fmedia&parent=13505"}],"wp:term":[{"taxonomy":"category","embeddable":true,"href":"https:\/\/iuzb.de\/index.php?rest_route=%2Fwp%2Fv2%2Fcategories&post=13505"},{"taxonomy":"post_tag","embeddable":true,"href":"https:\/\/iuzb.de\/index.php?rest_route=%2Fwp%2Fv2%2Ftags&post=13505"}],"curies":[{"name":"wp","href":"https:\/\/api.w.org\/{rel}","templated":true}]}}