{"id":13335,"date":"2015-12-12T08:40:15","date_gmt":"2015-12-12T07:40:15","guid":{"rendered":"http:\/\/www.iuzb.org\/wordpress\/?p=13335"},"modified":"2016-11-17T20:02:58","modified_gmt":"2016-11-17T19:02:58","slug":"zfluechtlingshilfe-bericht-aus-der-nuk-auf-dem-ehem-flughafen-tempelhof-thf","status":"publish","type":"post","link":"https:\/\/iuzb.de\/?p=13335","title":{"rendered":"zFl\u00fcchtlingshilfe: Bericht aus der NUK auf dem ehem. Flughafen Tempelhof"},"content":{"rendered":"<p style=\"text-align: justify;\">Ein Bericht von Herrn Zahnarzt Gerhard Gneist, welcher in der zahn\u00e4rztlichen Nothilfe als Supervisor im Einsatz ist, zur Notunterkunft auf dem ehemaligen Flughafen Tempelhof:<\/p>\n<blockquote>\n<p style=\"text-align: justify;\">Liebe Kolleginnen und Kollegen,<\/p>\n<p style=\"text-align: justify;\">ich habe am Freitag, den 11. Dezember 2015 die Notunterkunft Tempelhof aufgesucht und mit den Verantwortlichen gesprochen.<\/p>\n<p style=\"text-align: justify;\">Die Unterk\u00fcnfte befinden sich im Hangar 1 und 2, in denen Zelte aufgebaut sind, die mit Doppelbetten ausgestattet sind. In der Presse gibt es dazu ja bereits mehrere Fotos. Es sollen um die 5000 Menschen dort untergebracht werden. Zurzeit leben dort viele Familien mit ihren Kindern. Es sind noch viele Handwerker vor Ort, welche die Unterkunft &#8222;bewohnbar&#8220; machen.<\/p>\n<p style=\"text-align: justify;\">Ein gro\u00dfer Raum f\u00fcr die \u00e4rztliche Versorgung ist auch vorhanden, in welchem bereits, durch Vivantes, Behandlungen stattfinden. Am Wochenende soll dort ein Linoleumboden verlegt werden, der wie Parkett aussieht und anschlie\u00dfend mehrere Kabinen aufgebaut werden, in denen die \u00e4rztlichen Behandlungen stattfinden soll.<\/p>\n<p style=\"text-align: justify;\">Dort w\u00e4re auch f\u00fcr uns Zahn\u00e4rzte ein Platz vorhanden, auf welchem wir die noch vorr\u00e4tige Rittereinheit aufstellen k\u00f6nnten.<\/p>\n<p style=\"text-align: justify;\">M\u00f6glicherweise besteht also die M\u00f6glichkeit, entweder noch in diesem Jahr, oder aber Anfang 2016, dort einen weiteren zahn\u00e4rztlichen Ersthelfer-Screening-Standort einzurichten.<\/p>\n<p style=\"text-align: justify;\">Ich werde Sie informieren, sobald es spruchreife Neuigkeiten gibt.<\/p>\n<p style=\"text-align: justify;\">Mit herzlichen Gr\u00fc\u00dfen<\/p>\n<p style=\"text-align: justify;\">Ihr Gerhard Gneist<\/p>\n<\/blockquote>\n<p><span style=\"color: #ffffff;\">.<\/span><\/p>\n","protected":false},"excerpt":{"rendered":"<p>Ein Bericht von Herrn Zahnarzt Gerhard Gneist, welcher in der zahn\u00e4rztlichen Nothilfe als Supervisor im Einsatz ist, zur Notunterkunft auf dem ehemaligen Flughafen Tempelhof: Liebe Kolleginnen und Kollegen, ich habe [&#8230;]<\/p>\n","protected":false},"author":13,"featured_media":0,"comment_status":"closed","ping_status":"closed","sticky":false,"template":"","format":"standard","meta":{"ngg_post_thumbnail":0,"iawp_total_views":1,"footnotes":""},"categories":[165],"tags":[],"class_list":["post-13335","post","type-post","status-publish","format-standard","hentry","category-fluechtlingshilfe"],"_links":{"self":[{"href":"https:\/\/iuzb.de\/index.php?rest_route=\/wp\/v2\/posts\/13335","targetHints":{"allow":["GET"]}}],"collection":[{"href":"https:\/\/iuzb.de\/index.php?rest_route=\/wp\/v2\/posts"}],"about":[{"href":"https:\/\/iuzb.de\/index.php?rest_route=\/wp\/v2\/types\/post"}],"author":[{"embeddable":true,"href":"https:\/\/iuzb.de\/index.php?rest_route=\/wp\/v2\/users\/13"}],"replies":[{"embeddable":true,"href":"https:\/\/iuzb.de\/index.php?rest_route=%2Fwp%2Fv2%2Fcomments&post=13335"}],"version-history":[{"count":1,"href":"https:\/\/iuzb.de\/index.php?rest_route=\/wp\/v2\/posts\/13335\/revisions"}],"predecessor-version":[{"id":16059,"href":"https:\/\/iuzb.de\/index.php?rest_route=\/wp\/v2\/posts\/13335\/revisions\/16059"}],"wp:attachment":[{"href":"https:\/\/iuzb.de\/index.php?rest_route=%2Fwp%2Fv2%2Fmedia&parent=13335"}],"wp:term":[{"taxonomy":"category","embeddable":true,"href":"https:\/\/iuzb.de\/index.php?rest_route=%2Fwp%2Fv2%2Fcategories&post=13335"},{"taxonomy":"post_tag","embeddable":true,"href":"https:\/\/iuzb.de\/index.php?rest_route=%2Fwp%2Fv2%2Ftags&post=13335"}],"curies":[{"name":"wp","href":"https:\/\/api.w.org\/{rel}","templated":true}]}}