{"id":13316,"date":"2015-12-08T15:49:55","date_gmt":"2015-12-08T14:49:55","guid":{"rendered":"http:\/\/www.iuzb.org\/wordpress\/?p=13316"},"modified":"2016-11-09T10:04:12","modified_gmt":"2016-11-09T09:04:12","slug":"senat-sagt-ausgleich-fuer-ehrenamtliches-engagement-der-berliner-zahnaerzteschaft-zu","status":"publish","type":"post","link":"https:\/\/iuzb.de\/?p=13316","title":{"rendered":"Senat sagt Ausgleich f\u00fcr ehrenamtliches Engagement der Berliner Zahn\u00e4rzteschaft zu"},"content":{"rendered":"<p>Zahn\u00e4rztliche Erstversorgung von Fl\u00fcchtlingen in Berliner Notunterk\u00fcnften<\/p>\n<p><span style=\"font-size: 14pt;\"><strong>Senat sagt Ausgleich f\u00fcr ehrenamtliches Engagement der Berliner Zahn\u00e4rzteschaft zu<\/strong><\/span><\/p>\n<p style=\"text-align: justify;\">Die Senatsverwaltung f\u00fcr Gesundheit und Soziales (SenGS) hat auf einen <a href=\"http:\/\/www.iuzb.org\/wordpress\/?p=13241\" target=\"_blank\">Appell<\/a> f\u00fcr die zahnmedizinische Erstversorgung von Fl\u00fcchtlingen ehrenamtlich t\u00e4tiger Berlin Zahn\u00e4rztinnen und Zahn\u00e4rzte, unterst\u00fctzt durch die Zahn\u00e4rztekammer Berlin, positiv reagiert. Die Zahn\u00e4rztekammer Berlin hatte auf die erreichte Grenze des ehrenamtlichen Engagements der Berliner Zahn\u00e4rzteschaft hingewiesen und um eine menschenw\u00fcrdige Versorgung sowie eine angemessene Erstattung erbrachter Leistungen gebeten.<\/p>\n<p style=\"text-align: justify;\">Nun hat die Senatsverwaltung auf die Frage, ob die Leistungen f\u00fcr die Fl\u00fcchtlinge, die noch nicht registriert sind, ausgeglichen w\u00fcrden, mit einem eindeutigen \u201eJa\u201c geantwortet. Die Fl\u00fcchtlinge h\u00e4tten Anspruch auf Leistungen, auch wenn sie noch nicht registriert seien. Das genaue Abrechnungsprocedere wird derzeit noch einvernehmlich besprochen.<\/p>\n<p style=\"text-align: justify;\">Dr. Wolfgang Schmiedel, Pr\u00e4sident der Zahn\u00e4rztekammer Berlin, ist erleichtert \u00fcber diese schnelle Zusage: \u201eIch freue mich \u00fcber diese unb\u00fcrokratische L\u00f6sung im Sinne aller Beteiligten: Zum Wohle der Fl\u00fcchtlinge und zur Sicherheit der zahn\u00e4rztlichen Kollegenschaft. Mein Dank richtet sich an die vielen ehrenamtlich T\u00e4tigen, die sich zum Teil bis zur Ersch\u00f6pfungsgrenze Tag und Nacht engagieren, ebenso an die Senatsverwaltung, in deren Hausleitung wir einen verl\u00e4sslichen Partner haben.\u201c<\/p>\n<p style=\"text-align: justify;\">Damit hat die Botschaft der Zahn\u00e4rztekammer Berlin ihr Ziel erreicht. \u201eDennoch bleibt weiterhin viel zu tun\u201c, betont Dr. Schmiedel. \u201eSelbstverst\u00e4ndlich geht das Engagement der Berliner Zahn\u00e4rzteschaft und der Zahn\u00e4rztekammer weiter.\u201c Jetzt sei das ehrenamtliche zahn\u00e4rztliche Engagement auf eine solide Basis gestellt.<\/p>\n<p style=\"text-align: justify;\">Seit Monaten erm\u00f6glichen Berliner Zahn\u00e4rztinnen und Zahn\u00e4rzte durch ihren ehrenamtlichen Einsatz eine zahn\u00e4rztliche Erstbehandlung f\u00fcr noch nicht registrierte Fl\u00fcchtlinge in den Berliner Notunterk\u00fcnften. Die Zahn\u00e4rztekammer Berlin unterst\u00fctzt diese Eins\u00e4tze organisatorisch durch einen regelm\u00e4\u00dfigen \u201eRunden Tisch Zahnmedizinische Fl\u00fcchtlingshilfe\u201c und finanziell durch ein Spendenkonto. Da die Zahn\u00e4rztinnen und Zahn\u00e4rzte mangels Versorgungsalternativen f\u00fcr die Fl\u00fcchtlinge bis weit \u00fcber ihre physische, psychische und zum Teil auch private finanzielle Belastbarkeit arbeiten, hatte sich die Berliner Zahn\u00e4rzteschaft Ende November in einem <a href=\"http:\/\/www.iuzb.org\/wordpress\/wp-content\/uploads\/2015\/11\/2015-11-17-Persoenliche-Erklaerung-zahnaerztliche-Fluechtlingshilfe.pdf\" target=\"_blank\">offenen Brief<\/a> an den Senat gerichtet.<\/p>\n<p>Spendenkonto \u201eFl\u00fcchtlingshilfe\u201c der Zahn\u00e4rztekammer Berlin:<\/p>\n<p style=\"padding-left: 30px;\">Zahn\u00e4rztekammer Berlin Deutsche Apotheker- und \u00c4rztebank<br \/>\nIBAN: DE71 3006 0601 0401 2462 67<br \/>\nBIC: DAAEDEDDXXX<br \/>\nVerwendungszweck: Fl\u00fcchtlingshilfe<\/p>\n<p><span style=\"color: #ffffff;\">.<\/span><\/p>\n<p>Quelle: <a href=\"http:\/\/www.zaek-berlin.de\/presse\/pressearchiv\/presse-detail\/article\/4\/senat-sagt-ausgleich-fuer-ehrenamtliches-engagement-der-berliner-zahnaerzteschaft-zu.html\" target=\"_blank\">Pressemitteilung<\/a> der Zahn\u00e4rztekammer Berlin vom 08.12.2015<\/p>\n<p><span style=\"color: #ffffff;\">.<\/span><\/p>\n","protected":false},"excerpt":{"rendered":"<p>Zahn\u00e4rztliche Erstversorgung von Fl\u00fcchtlingen in Berliner Notunterk\u00fcnften Senat sagt Ausgleich f\u00fcr ehrenamtliches Engagement der Berliner Zahn\u00e4rzteschaft zu Die Senatsverwaltung f\u00fcr Gesundheit und Soziales (SenGS) hat auf einen Appell f\u00fcr die [&#8230;]<\/p>\n","protected":false},"author":13,"featured_media":0,"comment_status":"closed","ping_status":"closed","sticky":false,"template":"","format":"standard","meta":{"ngg_post_thumbnail":0,"iawp_total_views":0,"footnotes":""},"categories":[165,46],"tags":[],"class_list":["post-13316","post","type-post","status-publish","format-standard","hentry","category-fluechtlingshilfe","category-zahnaerztekammer-berlin"],"_links":{"self":[{"href":"https:\/\/iuzb.de\/index.php?rest_route=\/wp\/v2\/posts\/13316","targetHints":{"allow":["GET"]}}],"collection":[{"href":"https:\/\/iuzb.de\/index.php?rest_route=\/wp\/v2\/posts"}],"about":[{"href":"https:\/\/iuzb.de\/index.php?rest_route=\/wp\/v2\/types\/post"}],"author":[{"embeddable":true,"href":"https:\/\/iuzb.de\/index.php?rest_route=\/wp\/v2\/users\/13"}],"replies":[{"embeddable":true,"href":"https:\/\/iuzb.de\/index.php?rest_route=%2Fwp%2Fv2%2Fcomments&post=13316"}],"version-history":[{"count":1,"href":"https:\/\/iuzb.de\/index.php?rest_route=\/wp\/v2\/posts\/13316\/revisions"}],"predecessor-version":[{"id":15097,"href":"https:\/\/iuzb.de\/index.php?rest_route=\/wp\/v2\/posts\/13316\/revisions\/15097"}],"wp:attachment":[{"href":"https:\/\/iuzb.de\/index.php?rest_route=%2Fwp%2Fv2%2Fmedia&parent=13316"}],"wp:term":[{"taxonomy":"category","embeddable":true,"href":"https:\/\/iuzb.de\/index.php?rest_route=%2Fwp%2Fv2%2Fcategories&post=13316"},{"taxonomy":"post_tag","embeddable":true,"href":"https:\/\/iuzb.de\/index.php?rest_route=%2Fwp%2Fv2%2Ftags&post=13316"}],"curies":[{"name":"wp","href":"https:\/\/api.w.org\/{rel}","templated":true}]}}