{"id":13292,"date":"2016-03-14T16:59:53","date_gmt":"2016-03-14T15:59:53","guid":{"rendered":"http:\/\/iuzb.de\/?p=13292"},"modified":"2025-09-06T07:28:36","modified_gmt":"2025-09-06T05:28:36","slug":"vorstandsverguetungen-kzv-berlin-brandenburg-und-bremen","status":"publish","type":"post","link":"https:\/\/iuzb.de\/?p=13292","title":{"rendered":"Vorstandsverg\u00fctungen KZV Berlin, Brandenburg und Bremen"},"content":{"rendered":"<p>Pflichtver\u00f6ffentlichungen der Vorstandsverg\u00fctungen der KZBV und der KZV&#8217;en gem\u00e4\u00df <a href=\"http:\/\/www.sozialgesetzbuch-sgb.de\/sgbv\/79.html\" target=\"_blank\" rel=\"noopener\">\u00a7 79 Abs. 4 SGB V<\/a> zum 01. M\u00e4rz 2016,<\/p>\n<p><strong>Auszug KZV Berlin, Brandenburg und Bremen<\/strong>:<\/p>\n<p><a href=\"https:\/\/iuzb.de\/wp-content\/uploads\/2016\/03\/2016-03-01-Vorstandsverguetungen-KZV-Berlin-Brandenburg-Bremen.jpg\"><img loading=\"lazy\" decoding=\"async\" class=\"alignnone size-full wp-image-13295\" src=\"https:\/\/iuzb.de\/wp-content\/uploads\/2016\/03\/2016-03-01-Vorstandsverguetungen-KZV-Berlin-Brandenburg-Bremen.jpg\" alt=\"2016-03-01-vorstandsverguetungen-kzv-berlin-brandenburg-bremen\" width=\"1537\" height=\"844\" srcset=\"https:\/\/iuzb.de\/wp-content\/uploads\/2016\/03\/2016-03-01-Vorstandsverguetungen-KZV-Berlin-Brandenburg-Bremen.jpg 1537w, https:\/\/iuzb.de\/wp-content\/uploads\/2016\/03\/2016-03-01-Vorstandsverguetungen-KZV-Berlin-Brandenburg-Bremen-300x165.jpg 300w, https:\/\/iuzb.de\/wp-content\/uploads\/2016\/03\/2016-03-01-Vorstandsverguetungen-KZV-Berlin-Brandenburg-Bremen-768x422.jpg 768w, https:\/\/iuzb.de\/wp-content\/uploads\/2016\/03\/2016-03-01-Vorstandsverguetungen-KZV-Berlin-Brandenburg-Bremen-1024x562.jpg 1024w\" sizes=\"auto, (max-width: 1537px) 100vw, 1537px\" \/><\/a><\/p>\n<p>Quelle: Bundesanzeiger (<a href=\"https:\/\/www.bundesanzeiger.de\/ebanzwww\/wexsservlet?session.sessionid=25fa95c12b8439e3efe1aa2e52497316&amp;page.navid=to_detailsearch&amp;global_data.designmode=eb\" target=\"_blank\" rel=\"noopener\">Suche<\/a>: &#8220; KZV &#8220; )<\/p>\n<p><span style=\"color: #000000;\">Die Angaben f\u00fcr die KZBV und alle KZV&#8217;en wurden am 01.03.2016 auch in der <a href=\"http:\/\/www.zm-online.de\/hefte\/aktuelles_heft_4950.html\" target=\"_blank\" rel=\"noopener\">ZM 05\/2016<\/a> ver\u00f6ffentlicht, dort jedoch leider ausschlie\u00dflich in der Printausgabe.<\/span><\/p>\n<p><span style=\"color: #ffffff;\">.<\/span><\/p>\n<p><span style=\"color: #ffffff;\">.<\/span><\/p>\n","protected":false},"excerpt":{"rendered":"<p>Pflichtver\u00f6ffentlichungen der Vorstandsverg\u00fctungen der KZBV und der KZV&#8217;en gem\u00e4\u00df \u00a7 79 Abs. 4 SGB V zum 01. M\u00e4rz 2016, Auszug KZV Berlin, Brandenburg und Bremen: Quelle: Bundesanzeiger (Suche: &#8220; KZV [&#8230;]<\/p>\n","protected":false},"author":13,"featured_media":0,"comment_status":"closed","ping_status":"closed","sticky":false,"template":"","format":"standard","meta":{"ngg_post_thumbnail":0,"iawp_total_views":0,"footnotes":""},"categories":[98,45],"tags":[],"class_list":["post-13292","post","type-post","status-publish","format-standard","hentry","category-diaeten-kzv","category-kzv-berlin"],"_links":{"self":[{"href":"https:\/\/iuzb.de\/index.php?rest_route=\/wp\/v2\/posts\/13292","targetHints":{"allow":["GET"]}}],"collection":[{"href":"https:\/\/iuzb.de\/index.php?rest_route=\/wp\/v2\/posts"}],"about":[{"href":"https:\/\/iuzb.de\/index.php?rest_route=\/wp\/v2\/types\/post"}],"author":[{"embeddable":true,"href":"https:\/\/iuzb.de\/index.php?rest_route=\/wp\/v2\/users\/13"}],"replies":[{"embeddable":true,"href":"https:\/\/iuzb.de\/index.php?rest_route=%2Fwp%2Fv2%2Fcomments&post=13292"}],"version-history":[{"count":5,"href":"https:\/\/iuzb.de\/index.php?rest_route=\/wp\/v2\/posts\/13292\/revisions"}],"predecessor-version":[{"id":48567,"href":"https:\/\/iuzb.de\/index.php?rest_route=\/wp\/v2\/posts\/13292\/revisions\/48567"}],"wp:attachment":[{"href":"https:\/\/iuzb.de\/index.php?rest_route=%2Fwp%2Fv2%2Fmedia&parent=13292"}],"wp:term":[{"taxonomy":"category","embeddable":true,"href":"https:\/\/iuzb.de\/index.php?rest_route=%2Fwp%2Fv2%2Fcategories&post=13292"},{"taxonomy":"post_tag","embeddable":true,"href":"https:\/\/iuzb.de\/index.php?rest_route=%2Fwp%2Fv2%2Ftags&post=13292"}],"curies":[{"name":"wp","href":"https:\/\/api.w.org\/{rel}","templated":true}]}}