{"id":13281,"date":"2016-02-25T23:21:08","date_gmt":"2016-02-25T22:21:08","guid":{"rendered":"http:\/\/iuzb.de\/?p=13281"},"modified":"2016-11-07T21:03:46","modified_gmt":"2016-11-07T20:03:46","slug":"14-03-2016-einladung-22-vertreterversammlung-der-kzv-berlin","status":"publish","type":"post","link":"https:\/\/iuzb.de\/?p=13281","title":{"rendered":"14.03.2016: Einladung 22. Vertreterversammlung der KZV Berlin"},"content":{"rendered":"<h4><span style=\"color: #ff0000;\">WICHTIG RICHTIG WICHTIG &#8230; IUZB fordert massive Kosteneinsparungen durch Reduzierung der KZV-Vorstandsmitglieder &#8230; WICHTIG RICHTIG WICHTIG*<\/span><\/h4>\n<p>&nbsp;<\/p>\n<ul>\n<li><strong>Montag, 14. M\u00e4rz 2016<\/strong><\/li>\n<li><strong>19:00 Uhr c.t.<\/strong><\/li>\n<li><strong>KZV Berlin, 10711 Berlin, <a href=\"https:\/\/www.google.de\/maps\/place\/Georg-Wilhelm-Stra%C3%9Fe+16,+10711+Berlin\/@52.4998824,13.2884267,17z\/data=!3m1!4b1!4m2!3m1!1s0x47a850c5121c1011:0xdee2f5064607eab\" target=\"_blank\">Georg-Wilhelm-Stra\u00dfe 16<\/a><\/strong><\/li>\n<\/ul>\n<table style=\"width: 696px;\">\n<tbody>\n<tr>\n<td style=\"width: 669px;\">\n<blockquote><p>\u00a7 6 (5) der <a href=\"http:\/\/www.kzv-berlin.de\/fileadmin\/user_upload\/Publikationen\/Handbuch\/Satzung\/2015_Satzung.pdf\" target=\"_blank\">Satzung<\/a> der KZV Berlin: Die Sitzungen der VV sind f\u00fcr Mitglieder der Zahn\u00e4rztekammer Berlin \u00f6ffentlich, soweit sie sich nicht mit personellen Angelegenheiten oder Grundst\u00fccksgesch\u00e4ften befassen. \u00dcber die Anwesenheit anderer Personen entscheidet der Vorsitzende bzw. sein Stellvertreter im Einzelfall. Die VV kann die \u00d6ffentlichkeit f\u00fcr weitere Beratungspunkte in nicht\u00f6ffentlicher Sitzung ausschlie\u00dfen. Der Beschluss ist in \u00f6ffentlicher Sitzung bekannt zu geben.<\/p><\/blockquote>\n<\/td>\n<\/tr>\n<\/tbody>\n<\/table>\n<p><span style=\"color: #ffffff;\">.<\/span><\/p>\n<table style=\"height: 887px; width: 698.1px;\">\n<tbody>\n<tr style=\"height: 42px;\">\n<td style=\"text-align: left; vertical-align: top; height: 42px; width: 52px;\">TOP 1<\/td>\n<td style=\"text-align: left; vertical-align: top; height: 42px; width: 593.1px;\">Begr\u00fc\u00dfung, Feststellung Anwesenheit, Totenehrung<\/td>\n<\/tr>\n<tr style=\"height: 42px;\">\n<td style=\"text-align: left; vertical-align: top; height: 42px; width: 52px;\">TOP2<\/td>\n<td style=\"text-align: left; vertical-align: top; height: 42px; width: 593.1px;\">Protokoll der VV vom 07.12.2015<\/td>\n<\/tr>\n<tr style=\"height: 42px;\">\n<td style=\"text-align: left; vertical-align: top; height: 42px; width: 52px;\">TOP 3<\/td>\n<td style=\"text-align: left; vertical-align: top; height: 42px; width: 593.1px;\">Bericht des Vorsitzenden der VV<\/td>\n<\/tr>\n<tr style=\"height: 42px;\">\n<td style=\"text-align: left; vertical-align: top; height: 42px; width: 52px;\">TOP 4<\/td>\n<td style=\"text-align: left; vertical-align: top; height: 42px; width: 593.1px;\">Bericht des Vorsitzenden des Hauptausschusses<\/td>\n<\/tr>\n<tr style=\"height: 42px;\">\n<td style=\"text-align: left; vertical-align: top; height: 42px; width: 52px;\">TOP 5<\/td>\n<td style=\"text-align: left; vertical-align: top; height: 42px; width: 593.1px;\">Bericht des Vorstandes<\/td>\n<\/tr>\n<tr style=\"height: 42px;\">\n<td style=\"text-align: left; vertical-align: top; height: 42px; width: 52px;\">TOP 6<\/td>\n<td style=\"text-align: left; vertical-align: top; height: 42px; width: 593.1px;\">Fragestunde<\/td>\n<\/tr>\n<tr style=\"height: 157px;\">\n<td style=\"text-align: left; vertical-align: top; height: 157px; width: 52px;\">TOP 7<\/td>\n<td style=\"text-align: left; vertical-align: top; height: 157px; width: 593.1px;\">Antr\u00e4ge<br \/>\n&#8211; Folgeantrag des Vorstandes (Anlage 1)<br \/>\nErlass der Verwaltungskosten \u00fcber abgerechnete Leistungen f\u00fcr den Humanistischen Landesverband Berlin-Brandenburg (HVD) -8744-, unter der verantwortlichen Leitung der Zahn\u00e4rztin Karin Backhaus f\u00fcr die Zeit ab 01 .07.2016 bis 30.06.2017 &#8211; gem\u00e4\u00df<br \/>\nBeschluss des Zulassungsausschusses.<\/td>\n<\/tr>\n<tr style=\"height: 41px;\">\n<td style=\"text-align: left; vertical-align: top; height: 41px; width: 52px;\">TOP 8<\/td>\n<td style=\"text-align: left; vertical-align: top; height: 41px; width: 593.1px;\">Vorstellung des Berichts gem\u00e4\u00df \u00a7 81 a SGB V der Stelle zur Bek\u00e4mpfung von Fehlverhalten im Gesundheitswesen der Jahre 2014 und 2015<\/td>\n<\/tr>\n<tr style=\"height: 21px;\">\n<td style=\"text-align: left; vertical-align: top; height: 21px; width: 52px;\">TOP 9<\/td>\n<td style=\"text-align: left; vertical-align: top; height: 21px; width: 593.1px;\">Gesch\u00e4ftsordnung der W der KZV Berlin (Stand 17.10.2011 &#8211; Anlage 2)<\/td>\n<\/tr>\n<tr style=\"height: 67px;\">\n<td style=\"text-align: left; vertical-align: top; height: 67px; width: 52px;\">TOP<span style=\"color: #ffffff;\">.<\/span>10<\/td>\n<td style=\"text-align: left; vertical-align: top; height: 67px; width: 593.1px;\">\u00c4nderung des \u00a7 11 (1) der Satzung der KZV Berlin<br \/>\n(letzte Ver\u00f6ffentlichung im Amtsblatt Berlin vom 06.02.2015) &#8211;<br \/>\nAntrag des Herrn Koll. Hessberger vom 17.02.2016 (<a href=\"https:\/\/iuzb.de\/wp-content\/uploads\/2016\/02\/2016-03-14-TOP-11-Antrag-Hessberger.pdf\" target=\"_blank\">Anlage 3<\/a>)<strong><span style=\"color: #ff0000;\">*<\/span><\/strong><\/td>\n<\/tr>\n<tr style=\"height: 16.8167px;\">\n<td style=\"text-align: left; vertical-align: top; height: 16.8167px; width: 52px;\">TOP<span style=\"color: #ffffff;\">.<\/span>11<\/td>\n<td style=\"text-align: left; vertical-align: top; height: 16.8167px; width: 593.1px;\">\u00a0Verschiedenes<\/td>\n<\/tr>\n<\/tbody>\n<\/table>\n<p><strong><span style=\"color: #ff0000;\">*<\/span><\/strong><\/p>\n<p><a href=\"https:\/\/iuzb.de\/wp-content\/uploads\/2016\/02\/2016-03-14-TOP-11-Antrag-Hessberger.pdf\"><img loading=\"lazy\" decoding=\"async\" class=\"alignnone size-full wp-image-13286\" src=\"https:\/\/iuzb.de\/wp-content\/uploads\/2016\/02\/2016-03-14-TOP-11-Antrag-Hessberger.jpg\" alt=\"2016-03-14-top-11-antrag-hessberger\" width=\"789\" height=\"1004\" srcset=\"https:\/\/iuzb.de\/wp-content\/uploads\/2016\/02\/2016-03-14-TOP-11-Antrag-Hessberger.jpg 789w, https:\/\/iuzb.de\/wp-content\/uploads\/2016\/02\/2016-03-14-TOP-11-Antrag-Hessberger-236x300.jpg 236w, https:\/\/iuzb.de\/wp-content\/uploads\/2016\/02\/2016-03-14-TOP-11-Antrag-Hessberger-768x977.jpg 768w\" sizes=\"auto, (max-width: 789px) 100vw, 789px\" \/><\/a><\/p>\n<p>&nbsp;<\/p>\n<p><span style=\"color: #ffffff;\">.<\/span><\/p>\n","protected":false},"excerpt":{"rendered":"<p>WICHTIG RICHTIG WICHTIG &#8230; IUZB fordert massive Kosteneinsparungen durch Reduzierung der KZV-Vorstandsmitglieder &#8230; WICHTIG RICHTIG WICHTIG* &nbsp; Montag, 14. M\u00e4rz 2016 19:00 Uhr c.t. KZV Berlin, 10711 Berlin, Georg-Wilhelm-Stra\u00dfe 16 [&#8230;]<\/p>\n","protected":false},"author":13,"featured_media":0,"comment_status":"closed","ping_status":"closed","sticky":false,"template":"","format":"standard","meta":{"ngg_post_thumbnail":0,"iawp_total_views":1,"footnotes":""},"categories":[98,97],"tags":[],"class_list":["post-13281","post","type-post","status-publish","format-standard","hentry","category-diaeten-kzv","category-vertreterversammlung-kzv-berlin"],"_links":{"self":[{"href":"https:\/\/iuzb.de\/index.php?rest_route=\/wp\/v2\/posts\/13281","targetHints":{"allow":["GET"]}}],"collection":[{"href":"https:\/\/iuzb.de\/index.php?rest_route=\/wp\/v2\/posts"}],"about":[{"href":"https:\/\/iuzb.de\/index.php?rest_route=\/wp\/v2\/types\/post"}],"author":[{"embeddable":true,"href":"https:\/\/iuzb.de\/index.php?rest_route=\/wp\/v2\/users\/13"}],"replies":[{"embeddable":true,"href":"https:\/\/iuzb.de\/index.php?rest_route=%2Fwp%2Fv2%2Fcomments&post=13281"}],"version-history":[{"count":8,"href":"https:\/\/iuzb.de\/index.php?rest_route=\/wp\/v2\/posts\/13281\/revisions"}],"predecessor-version":[{"id":13291,"href":"https:\/\/iuzb.de\/index.php?rest_route=\/wp\/v2\/posts\/13281\/revisions\/13291"}],"wp:attachment":[{"href":"https:\/\/iuzb.de\/index.php?rest_route=%2Fwp%2Fv2%2Fmedia&parent=13281"}],"wp:term":[{"taxonomy":"category","embeddable":true,"href":"https:\/\/iuzb.de\/index.php?rest_route=%2Fwp%2Fv2%2Fcategories&post=13281"},{"taxonomy":"post_tag","embeddable":true,"href":"https:\/\/iuzb.de\/index.php?rest_route=%2Fwp%2Fv2%2Ftags&post=13281"}],"curies":[{"name":"wp","href":"https:\/\/api.w.org\/{rel}","templated":true}]}}