{"id":13276,"date":"2016-09-28T22:43:32","date_gmt":"2016-09-28T20:43:32","guid":{"rendered":"http:\/\/iuzb.de\/?p=13276"},"modified":"2016-11-07T20:32:01","modified_gmt":"2016-11-07T19:32:01","slug":"10-10-2016-einladung-23-vertreterversammlung-der-kzv-berlin","status":"publish","type":"post","link":"https:\/\/iuzb.de\/?p=13276","title":{"rendered":"10.10.2016: Einladung 23. Vertreterversammlung der KZV Berlin"},"content":{"rendered":"<ul>\n<li><strong>Montag, 10. Oktober 2016<\/strong><\/li>\n<li><strong>19:00 Uhr c.t.<\/strong><\/li>\n<li><strong>KZV Berlin, 10711 Berlin, <a href=\"https:\/\/www.google.de\/maps\/place\/Georg-Wilhelm-Stra%C3%9Fe+16,+10711+Berlin\/@52.4998824,13.2884267,17z\/data=!3m1!4b1!4m2!3m1!1s0x47a850c5121c1011:0xdee2f5064607eab\" target=\"_blank\">Georg-Wilhelm-Stra\u00dfe 16<\/a><\/strong><\/li>\n<\/ul>\n<blockquote><p>\u00a7 6 (5) der <a href=\"https:\/\/www.kzv-berlin.de\/fileadmin\/user_upload\/Publikationen\/Handbuch\/Satzung\/2016_Satzung_2.pdf\" target=\"_blank\">Satzung<\/a> der KZV Berlin:<br \/>\nDie Sitzungen der VV sind f\u00fcr Mitglieder der Zahn\u00e4rztekammer Berlin \u00f6ffentlich, soweit sie sich nicht mit personellen Angelegenheiten oder Grundst\u00fccksgesch\u00e4ften befassen. \u00dcber die Anwesenheit anderer Personen entscheidet der Vorsitzende bzw. sein Stellvertreter im Einzelfall. Die VV kann die \u00d6ffentlichkeit f\u00fcr weitere Beratungspunkte in nicht\u00f6ffentlicher Sitzung ausschlie\u00dfen. Der Beschluss ist in \u00f6ffentlicher Sitzung bekannt zu geben.<\/p><\/blockquote>\n<p><span style=\"color: #ffffff;\">.<\/span><\/p>\n<table style=\"height: 887px; width: 678.1px;\">\n<tbody>\n<tr style=\"height: 11px;\">\n<td style=\"height: 11px; text-align: left; vertical-align: top; width: 625.1px;\" colspan=\"2\"><span style=\"text-decoration: underline;\"><strong>Tagesordnung:<\/strong><\/span><\/td>\n<\/tr>\n<tr style=\"height: 11px;\">\n<td style=\"height: 11px; text-align: left; vertical-align: top; width: 52px;\">TOP 1<\/td>\n<td style=\"height: 11px; text-align: left; vertical-align: top; width: 573.1px;\">Begr\u00fc\u00dfung, Feststellung Anwesenheit, Totenehrung<\/td>\n<\/tr>\n<tr style=\"height: 7px;\">\n<td style=\"height: 7px; text-align: left; vertical-align: top; width: 52px;\">TOP2<\/td>\n<td style=\"height: 7px; text-align: left; vertical-align: top; width: 573.1px;\">Protokolle der VVen vom 07.12.2015 und 14.03.2016<\/td>\n<\/tr>\n<tr style=\"height: 3px;\">\n<td style=\"height: 3px; text-align: left; vertical-align: top; width: 52px;\">TOP 3<\/td>\n<td style=\"height: 3px; text-align: left; vertical-align: top; width: 573.1px;\">Bericht des Vorsitzenden der VV<\/td>\n<\/tr>\n<tr style=\"height: 5px;\">\n<td style=\"height: 5px; text-align: left; vertical-align: top; width: 52px;\">TOP 4<\/td>\n<td style=\"height: 5px; text-align: left; vertical-align: top; width: 573.1px;\">Bericht des Vorsitzenden des Hauptausschusses<\/td>\n<\/tr>\n<tr style=\"height: 15px;\">\n<td style=\"text-align: left; vertical-align: top; height: 15px; width: 52px;\">TOP 5<\/td>\n<td style=\"text-align: left; vertical-align: top; height: 15px; width: 573.1px;\">Antrag des Herrn Koll. Hessberger vom 17.02.2016 auf Satzungs\u00e4nderung<br \/>\n\u201e\u00a7 11 Der Vorstand\u201c (<a href=\"http:\/\/www.iuzb.org\/wordpress\/wp-content\/uploads\/2016\/09\/2016-09-21-Einladung-zur-23.-VV-Anlage-1-Millioneneinsparung.pdf\" target=\"_blank\">Anlage 1<\/a><strong><span style=\"color: #ff0000;\">*<\/span><\/strong>)<br \/>\n&#8211; Bericht des erweiterten Hauptausschusses\/Satzungsausschuss<\/td>\n<\/tr>\n<tr style=\"height: 15px;\">\n<td style=\"height: 15px; text-align: left; vertical-align: top; width: 52px;\">Top 6<\/td>\n<td style=\"height: 15px; text-align: left; vertical-align: top; width: 573.1px;\">Bericht des Vorstandes<\/td>\n<\/tr>\n<tr style=\"height: 15px;\">\n<td style=\"height: 15px; text-align: left; vertical-align: top; width: 52px;\">TOP 7<\/td>\n<td style=\"height: 15px; text-align: left; vertical-align: top; width: 573.1px;\">Fragestunde<\/td>\n<\/tr>\n<tr style=\"height: 15px;\">\n<td style=\"height: 15px; text-align: left; vertical-align: top; width: 52px;\">Top 8<\/td>\n<td style=\"height: 15px; text-align: left; vertical-align: top; width: 573.1px;\">Antr\u00e4ge<\/td>\n<\/tr>\n<tr style=\"height: 1px;\">\n<td style=\"height: 1px; text-align: left; vertical-align: top; width: 52px;\">TOP 9<\/td>\n<td style=\"height: 1px; text-align: left; vertical-align: top; width: 573.1px;\">Feststellung und Genehmigung des Haushaltsplanes und Investitionshaushaltes<br \/>\nf\u00fcr das Rechnungsjahr 2017 gem\u00e4\u00df \u00a7 70 Abs. 1 S. 2 SGB IV (Anlage 2)<br \/>\n&#8211; Bericht des Vorstandes<br \/>\n&#8211; Bericht des Haushaltsausschusses<br \/>\n1) Erfolgshaushalt<br \/>\n2) Investitionshaushalt<\/td>\n<\/tr>\n<tr style=\"height: 13px;\">\n<td style=\"height: 13px; text-align: left; vertical-align: top; width: 52px;\">TOP<span style=\"color: #ffffff;\">.<\/span>10<\/td>\n<td style=\"height: 13px; text-align: left; vertical-align: top; width: 573.1px;\">Aufl\u00f6sung des Sozialfonds\/Sozialausschusses (Anlage 3)<\/td>\n<\/tr>\n<tr style=\"height: 3px;\">\n<td style=\"height: 3px; text-align: left; vertical-align: top; width: 52px;\">TOP<span style=\"color: #ffffff;\">.<\/span>11<\/td>\n<td style=\"height: 3px; text-align: left; vertical-align: top; width: 573.1px;\">Repr\u00e4sentation- und Bewirtungsrichtlinien der KZV Berlin (Anlage 4)<\/td>\n<\/tr>\n<tr style=\"height: 2px;\">\n<td style=\"height: 2px; text-align: left; vertical-align: top; width: 52px;\">Top 12<\/td>\n<td style=\"height: 2px; text-align: left; vertical-align: top; width: 573.1px;\">Verschiedenes<\/td>\n<\/tr>\n<\/tbody>\n<\/table>\n<p><strong><span style=\"color: #ff0000;\">*<\/span><\/strong><\/p>\n<p><img loading=\"lazy\" decoding=\"async\" class=\"size-full wp-image-13047 alignnone\" src=\"https:\/\/iuzb.de\/wp-content\/uploads\/2016\/10\/2016-09-21-Einladung-zur-23.-VV-Anlage-1-Millioneneinsparung.jpg\" alt=\"2016-09-21-einladung-zur-23-vv-anlage-1-millioneneinsparung\" width=\"785\" height=\"989\" srcset=\"https:\/\/iuzb.de\/wp-content\/uploads\/2016\/10\/2016-09-21-Einladung-zur-23.-VV-Anlage-1-Millioneneinsparung.jpg 785w, https:\/\/iuzb.de\/wp-content\/uploads\/2016\/10\/2016-09-21-Einladung-zur-23.-VV-Anlage-1-Millioneneinsparung-238x300.jpg 238w, https:\/\/iuzb.de\/wp-content\/uploads\/2016\/10\/2016-09-21-Einladung-zur-23.-VV-Anlage-1-Millioneneinsparung-768x968.jpg 768w\" sizes=\"auto, (max-width: 785px) 100vw, 785px\" \/><\/p>\n","protected":false},"excerpt":{"rendered":"<p>Montag, 10. Oktober 2016 19:00 Uhr c.t. KZV Berlin, 10711 Berlin, Georg-Wilhelm-Stra\u00dfe 16 \u00a7 6 (5) der Satzung der KZV Berlin: Die Sitzungen der VV sind f\u00fcr Mitglieder der Zahn\u00e4rztekammer [&#8230;]<\/p>\n","protected":false},"author":13,"featured_media":0,"comment_status":"closed","ping_status":"closed","sticky":false,"template":"","format":"standard","meta":{"ngg_post_thumbnail":0,"iawp_total_views":1,"footnotes":""},"categories":[98,97],"tags":[],"class_list":["post-13276","post","type-post","status-publish","format-standard","hentry","category-diaeten-kzv","category-vertreterversammlung-kzv-berlin"],"_links":{"self":[{"href":"https:\/\/iuzb.de\/index.php?rest_route=\/wp\/v2\/posts\/13276","targetHints":{"allow":["GET"]}}],"collection":[{"href":"https:\/\/iuzb.de\/index.php?rest_route=\/wp\/v2\/posts"}],"about":[{"href":"https:\/\/iuzb.de\/index.php?rest_route=\/wp\/v2\/types\/post"}],"author":[{"embeddable":true,"href":"https:\/\/iuzb.de\/index.php?rest_route=\/wp\/v2\/users\/13"}],"replies":[{"embeddable":true,"href":"https:\/\/iuzb.de\/index.php?rest_route=%2Fwp%2Fv2%2Fcomments&post=13276"}],"version-history":[{"count":3,"href":"https:\/\/iuzb.de\/index.php?rest_route=\/wp\/v2\/posts\/13276\/revisions"}],"predecessor-version":[{"id":13279,"href":"https:\/\/iuzb.de\/index.php?rest_route=\/wp\/v2\/posts\/13276\/revisions\/13279"}],"wp:attachment":[{"href":"https:\/\/iuzb.de\/index.php?rest_route=%2Fwp%2Fv2%2Fmedia&parent=13276"}],"wp:term":[{"taxonomy":"category","embeddable":true,"href":"https:\/\/iuzb.de\/index.php?rest_route=%2Fwp%2Fv2%2Fcategories&post=13276"},{"taxonomy":"post_tag","embeddable":true,"href":"https:\/\/iuzb.de\/index.php?rest_route=%2Fwp%2Fv2%2Ftags&post=13276"}],"curies":[{"name":"wp","href":"https:\/\/api.w.org\/{rel}","templated":true}]}}