{"id":13245,"date":"2013-02-28T20:34:46","date_gmt":"2013-02-28T19:34:46","guid":{"rendered":"http:\/\/iuzb.de\/?p=13245"},"modified":"2016-11-02T18:06:17","modified_gmt":"2016-11-02T17:06:17","slug":"zaek-berlin-live-ticker-ergebnisse-ausschusswahlen-spiegelbildlichkeit-fehlanzeige","status":"publish","type":"post","link":"https:\/\/iuzb.de\/?p=13245","title":{"rendered":"Z\u00c4K Berlin: Live-Ticker &#8211; Ergebnisse Ausschusswahlen &#8211; &#8222;Spiegelbildlichkeit Fehlanzeige!!!!!!!!&#8220;"},"content":{"rendered":"<p>Gerhard Gneist im Live-Ticker: &#8230;&#8220;<strong><em><a href=\"http:\/\/www.iuzb.org\/wordpress\/?p=2750\" target=\"_blank\">Spiegelbildlichkeit<\/a> Fehlanzeige!!!!!!!! Absolut undemokratisch was hier l\u00e4uft.<\/em><\/strong>&#8222;&#8230;<\/p>\n<p style=\"text-align: left;\"><span style=\"text-decoration: underline;\"><strong>Die Ergebnisse:<\/strong><\/span><\/p>\n<p>&nbsp;<\/p>\n<p><strong>Delegierte zur <a href=\"http:\/\/www.bzaek.de\/wir-ueber-uns\/organisationsstruktur\/bundesversammlung.html\" target=\"_blank\">Bundesversammlung<\/a> der Bundeszahn\u00e4rztekammer e.V. <\/strong><\/p>\n<table border=\"0\" cellspacing=\"0\" cellpadding=\"0\">\n<tbody>\n<tr>\n<td valign=\"top\" width=\"259\"><b>Delegierte Vorstand<\/b><\/td>\n<td valign=\"top\" width=\"345\"><b>Pers\u00f6nliche Ersatzdelegierte<\/b><\/td>\n<\/tr>\n<tr>\n<td valign=\"top\" width=\"259\">Dr. Wolfgang Schmiedel (VdZvB)<\/td>\n<td valign=\"top\" width=\"345\">Dr. Detlef F\u00f6rster (VdZvB)<\/td>\n<\/tr>\n<tr>\n<td valign=\"top\" width=\"259\">Dr. Michael Dreyer (FVDZ)<\/td>\n<td valign=\"top\" width=\"345\">Dr. Dietmar Kuhn (VdZvB)<\/td>\n<\/tr>\n<tr>\n<td valign=\"top\" width=\"259\">Juliane Gnoth (FVDZ)<\/td>\n<td valign=\"top\" width=\"345\"><\/td>\n<\/tr>\n<tr>\n<td valign=\"top\" width=\"259\">Dr. Karsten Heegewaldt (VdZvB)<\/td>\n<td valign=\"top\" width=\"345\"><\/td>\n<\/tr>\n<tr>\n<td valign=\"top\" width=\"259\">Dr. Helmut Kesler (VdZvB)<\/td>\n<td valign=\"top\" width=\"345\"><\/td>\n<\/tr>\n<tr>\n<td valign=\"top\" width=\"259\"><b>Weitere Delegierte<\/b><\/td>\n<td valign=\"top\" width=\"345\"><b>Pers\u00f6nliche Ersatzdelegierte<\/b><\/td>\n<\/tr>\n<tr>\n<td valign=\"top\" width=\"259\">Bertram Steiner (FVDZ)<\/td>\n<td valign=\"top\" width=\"345\">Thekla Wandelt (FVDZ)<\/td>\n<\/tr>\n<tr>\n<td valign=\"top\" width=\"259\">Dr. Wolfgang Kopp (VdZvB)<\/td>\n<td valign=\"top\" width=\"345\">Andreas M\u00fcller-Reichenwallner (VdZvB)<\/td>\n<\/tr>\n<tr>\n<td valign=\"top\" width=\"259\">Ingmar Dobberstein (FVDZ)<\/td>\n<td valign=\"top\" width=\"345\">Eleni Kapogianni (FVDZ)<\/td>\n<\/tr>\n<tr>\n<td valign=\"top\" width=\"259\">Dr. J\u00f6rg Meyer (VdZvB)<\/td>\n<td valign=\"top\" width=\"345\">Julie Fotiadis-Wentker (VdZvB)<\/td>\n<\/tr>\n<tr>\n<td colspan=\"2\" valign=\"top\" width=\"605\"><span style=\"color: #ff0000;\"><b>Nicht gew\u00e4hlt wurden die Oppositionskandidaten:<\/b><\/span><\/td>\n<\/tr>\n<tr>\n<td valign=\"top\" width=\"259\">Winnetou Kampmann (FG)<\/td>\n<td valign=\"top\" width=\"345\">Dr. Heinrich Schleithoff (FG)<\/td>\n<\/tr>\n<tr>\n<td valign=\"top\" width=\"259\">Dr. Celina Sch\u00e4tze (UNION 2012)<\/td>\n<td valign=\"top\" width=\"345\">Dr. Heinz-Helmut Dohmeier-de Haan (UNION 2012)<\/td>\n<\/tr>\n<tr>\n<td valign=\"top\" width=\"259\">Heinz-Peter Scharf (FG)<\/td>\n<td valign=\"top\" width=\"345\">Karl-Heinz Bingen (FG)<\/td>\n<\/tr>\n<\/tbody>\n<\/table>\n<p><strong><\/strong><\/p>\n<p><strong>Haushalts-, Rechnungspr\u00fcfungs- und Zahlstellenpr\u00fcfungsausschuss<\/strong><\/p>\n<ul>\n<li>ZA Jens F\u00fcting (extern*) &#8211; 23 Stimmen<\/li>\n<li>Dr. Manfred Wegner (FVDZ-Nachr\u00fccker*\u00b2) &#8211; 23 Stimmen<\/li>\n<li>ZA Klaus Bergenthal (VdZvB-Nachr\u00fccker*\u00b2) &#8211; 21 Stimmen<br \/>\n<strong><span style=\"color: #ff0000;\">Nicht gew\u00e4hlt wurden die Oppositionskandidaten:<\/span><\/strong><\/li>\n<li>Dr. Lutz-Stephan Weiss (UNION 2012) &#8211; 19 Stimmen<\/li>\n<li>ZA Karl-Heinz Bingen (FG) &#8211; 17 Stimmen<\/li>\n<\/ul>\n<p><strong>Schlichtungsausschuss<br \/>\n<\/strong><\/p>\n<ul>\n<li>Z\u00c4 Julie Fotiadis-Wentker (VdZvB)<\/li>\n<li>Dr. Harald Frey (Chirurgie-Nachr\u00fccker*\u00b2)<\/li>\n<li>Dr. Lore Gewehr (VdZvB)<\/li>\n<li>Z\u00c4 Karola Hein (UNION 2012)<\/li>\n<li>Z\u00c4 Eleni Kapogianni (FVDZ-Nachr\u00fccker*\u00b2)<\/li>\n<li>Dr. Heinrich Schleithoff (FG)<\/li>\n<li>ZA Bertram Steiner (FVDZ)<\/li>\n<\/ul>\n<p><strong>Pr\u00fcfungsausschuss &#8222;Kieferorthop\u00e4die&#8220;<\/strong><\/p>\n<ul>\n<li>Mitglieder\n<ul>\n<li>Prof. Dr. Paul-Georg Jost-Brinkmann (Kieferorthop\u00e4die)<\/li>\n<li>Dr. Karl-Heinz Kossack (extern*)<\/li>\n<li>Dr. Susann Zellmann (extern*)<\/li>\n<\/ul>\n<\/li>\n<li>Stellvertreter\n<ul>\n<li>FZA Woo-Ttum Bittner (extern*)<\/li>\n<li>FZA Winnetou Kampmann (FG)<\/li>\n<li>FZA Michael M\u00fcller (Kieferorthop\u00e4die)<\/li>\n<li>Dr. Carola Seekamp (extern*)<\/li>\n<\/ul>\n<\/li>\n<\/ul>\n<p>* Kein Mitglied der <a href=\"http:\/\/www.zaek-berlin.de\/fileadmin\/dokumente\/Allgemeiner_Ordner\/Delegierte_2013-2016.pdf\" target=\"_blank\">Delegiertenversammlung<\/a>, kein Nachr\u00fccker und auch kein Mitglied einer der\u00a0<a href=\"http:\/\/www.iuzb.org\/wordpress\/wp-content\/uploads\/2013\/02\/MBZ_10-2012-Wahllisten.pdf\" target=\"_blank\">Wahllisten<\/a> zur Kammerwahl vom 29.11.2012<br \/>\n*\u00b2 Nachr\u00fccker der angegebenen <a href=\"http:\/\/www.iuzb.org\/wordpress\/wp-content\/uploads\/2013\/02\/MBZ_10-2012-Wahllisten.pdf\" target=\"_blank\">Wahllisten<\/a> sind nicht Mitglied der Delegiertenversammlung.<\/p>\n<p>&nbsp;<\/p>\n<h4><span style=\"text-decoration: underline; color: #ff0000;\"><b>Res\u00fcmee<\/b>:<\/span> Wie auch schon in der <a href=\"http:\/\/www.iuzb.org\/wordpress\/?p=2810\" target=\"_blank\">KZV Berlin<\/a>, wurden die Oppositionswahllisten somit auch in der Berliner Zahn\u00e4rztekammer konsequent von allen massgeblichen Organen und Gremien ausgeschlossen.<br \/>\nEs ist zu erwarten, dass dies im April dann auch im <a href=\"http:\/\/vzberlin.org\/_DasVZB\/Ansprechpartner\/VA.htm\" target=\"_blank\">Versorgungswerk<\/a> der Fall sein wird.<\/h4>\n<p>&nbsp;<\/p>\n<p>&nbsp;<\/p>\n","protected":false},"excerpt":{"rendered":"<p>Gerhard Gneist im Live-Ticker: &#8230;&#8220;Spiegelbildlichkeit Fehlanzeige!!!!!!!! Absolut undemokratisch was hier l\u00e4uft.&#8222;&#8230; Die Ergebnisse: &nbsp; Delegierte zur Bundesversammlung der Bundeszahn\u00e4rztekammer e.V. Delegierte Vorstand Pers\u00f6nliche Ersatzdelegierte Dr. Wolfgang Schmiedel (VdZvB) Dr. Detlef [&#8230;]<\/p>\n","protected":false},"author":13,"featured_media":0,"comment_status":"closed","ping_status":"closed","sticky":false,"template":"","format":"standard","meta":{"ngg_post_thumbnail":0,"iawp_total_views":3,"footnotes":""},"categories":[91,93,46],"tags":[],"class_list":["post-13245","post","type-post","status-publish","format-standard","hentry","category-delegiertenversammlung","category-spiegelbildlichkeit-zahnaerztekammer-berlin","category-zahnaerztekammer-berlin"],"_links":{"self":[{"href":"https:\/\/iuzb.de\/index.php?rest_route=\/wp\/v2\/posts\/13245","targetHints":{"allow":["GET"]}}],"collection":[{"href":"https:\/\/iuzb.de\/index.php?rest_route=\/wp\/v2\/posts"}],"about":[{"href":"https:\/\/iuzb.de\/index.php?rest_route=\/wp\/v2\/types\/post"}],"author":[{"embeddable":true,"href":"https:\/\/iuzb.de\/index.php?rest_route=\/wp\/v2\/users\/13"}],"replies":[{"embeddable":true,"href":"https:\/\/iuzb.de\/index.php?rest_route=%2Fwp%2Fv2%2Fcomments&post=13245"}],"version-history":[{"count":5,"href":"https:\/\/iuzb.de\/index.php?rest_route=\/wp\/v2\/posts\/13245\/revisions"}],"predecessor-version":[{"id":13250,"href":"https:\/\/iuzb.de\/index.php?rest_route=\/wp\/v2\/posts\/13245\/revisions\/13250"}],"wp:attachment":[{"href":"https:\/\/iuzb.de\/index.php?rest_route=%2Fwp%2Fv2%2Fmedia&parent=13245"}],"wp:term":[{"taxonomy":"category","embeddable":true,"href":"https:\/\/iuzb.de\/index.php?rest_route=%2Fwp%2Fv2%2Fcategories&post=13245"},{"taxonomy":"post_tag","embeddable":true,"href":"https:\/\/iuzb.de\/index.php?rest_route=%2Fwp%2Fv2%2Ftags&post=13245"}],"curies":[{"name":"wp","href":"https:\/\/api.w.org\/{rel}","templated":true}]}}