{"id":13226,"date":"2015-06-28T16:41:48","date_gmt":"2015-06-28T14:41:48","guid":{"rendered":"http:\/\/iuzb.de\/?p=13226"},"modified":"2016-11-07T20:28:16","modified_gmt":"2016-11-07T19:28:16","slug":"dzw-wider-das-behoerdendenken-in-der-selbstverwaltung","status":"publish","type":"post","link":"https:\/\/iuzb.de\/?p=13226","title":{"rendered":"DZW: Wider das Beh\u00f6rdendenken in der Selbstverwaltung"},"content":{"rendered":"<p>DZW, 23.06.2015<\/p>\n<ul>\n<li><strong>Wider das Beh\u00f6rdendenken in der Selbstverwaltung<br \/>\n<\/strong>Ein Kommentar von DZW-Chefredakteurin Dr. Marion Marschall &#8211; <a href=\"http:\/\/www.dzw.de\/artikel\/wider-das-behoerdendenken-der-selbstverwaltung\" target=\"_blank\">lesen<\/a><\/li>\n<\/ul>\n<p>&nbsp;<\/p>\n<blockquote><p>Das Gleiche gilt f\u00fcr das Verhalten der gew\u00e4hlten <strong>Standesvertreter<\/strong> bei der Besetzung von Aussch\u00fcssen etc. Da geht P\u00f6stchengeschacher h\u00e4ufig immer noch vor fachlicher Kompetenz, werden Parteig\u00e4nger der \u201eSiegerfraktion\u201c bevorzugt \u201eversorgt\u201c. Dass das <strong>Bundessozialgericht<\/strong> in seinem Urteil zur Klage gegen die Besetzung der Aussch\u00fcsse in der <strong>KZV Westfalen-Lippe <\/strong>im Klagepunkt der KZV-Spitze zwar Recht gab, aber sich zugleich veranlasst sah, ausf\u00fchrlich selbst in der Pressemeldung auf die Besetzung von Gremien in der Selbstverwaltung nach dem Prinzip der Spiegelbildlichkeit einzugehen, wirft ein bezeichnendes Licht auf die reale Praxis in vielen dieser K\u00f6rperschaften.<\/p><\/blockquote>\n<p><span style=\"color: #ffffff;\">.<\/span><\/p>\n<p>&nbsp;<\/p>\n<p>&nbsp;<\/p>\n","protected":false},"excerpt":{"rendered":"<p>DZW, 23.06.2015 Wider das Beh\u00f6rdendenken in der Selbstverwaltung Ein Kommentar von DZW-Chefredakteurin Dr. Marion Marschall &#8211; lesen &nbsp; Das Gleiche gilt f\u00fcr das Verhalten der gew\u00e4hlten Standesvertreter bei der Besetzung [&#8230;]<\/p>\n","protected":false},"author":13,"featured_media":0,"comment_status":"closed","ping_status":"closed","sticky":false,"template":"","format":"standard","meta":{"ngg_post_thumbnail":0,"iawp_total_views":1,"footnotes":""},"categories":[80,69,81],"tags":[],"class_list":["post-13226","post","type-post","status-publish","format-standard","hentry","category-bsg","category-koerperschaften","category-spiegelbildlichkeit"],"_links":{"self":[{"href":"https:\/\/iuzb.de\/index.php?rest_route=\/wp\/v2\/posts\/13226","targetHints":{"allow":["GET"]}}],"collection":[{"href":"https:\/\/iuzb.de\/index.php?rest_route=\/wp\/v2\/posts"}],"about":[{"href":"https:\/\/iuzb.de\/index.php?rest_route=\/wp\/v2\/types\/post"}],"author":[{"embeddable":true,"href":"https:\/\/iuzb.de\/index.php?rest_route=\/wp\/v2\/users\/13"}],"replies":[{"embeddable":true,"href":"https:\/\/iuzb.de\/index.php?rest_route=%2Fwp%2Fv2%2Fcomments&post=13226"}],"version-history":[{"count":4,"href":"https:\/\/iuzb.de\/index.php?rest_route=\/wp\/v2\/posts\/13226\/revisions"}],"predecessor-version":[{"id":14470,"href":"https:\/\/iuzb.de\/index.php?rest_route=\/wp\/v2\/posts\/13226\/revisions\/14470"}],"wp:attachment":[{"href":"https:\/\/iuzb.de\/index.php?rest_route=%2Fwp%2Fv2%2Fmedia&parent=13226"}],"wp:term":[{"taxonomy":"category","embeddable":true,"href":"https:\/\/iuzb.de\/index.php?rest_route=%2Fwp%2Fv2%2Fcategories&post=13226"},{"taxonomy":"post_tag","embeddable":true,"href":"https:\/\/iuzb.de\/index.php?rest_route=%2Fwp%2Fv2%2Ftags&post=13226"}],"curies":[{"name":"wp","href":"https:\/\/api.w.org\/{rel}","templated":true}]}}