{"id":13223,"date":"2014-12-10T09:44:28","date_gmt":"2014-12-10T08:44:28","guid":{"rendered":"http:\/\/iuzb.de\/?p=13223"},"modified":"2016-12-14T01:22:47","modified_gmt":"2016-12-14T00:22:47","slug":"vzb-ditting-und-quantum-feiern-richtfest-in-lueneburg","status":"publish","type":"post","link":"https:\/\/iuzb.de\/?p=13223","title":{"rendered":"VZB: Ditting und Quantum feiern Richtfest in L\u00fcneburg"},"content":{"rendered":"<p>Ditting-Bau, Pressemitteilung vom 04.11.2014:<\/p>\n<ul>\n<li><strong>Ditting und Quantum feiern gemeinsam mit dem Endinvestor Richtfest f\u00fcr 127 Mietwohnungen im Hanseviertel L\u00fcneburg<\/strong> &#8211; <a href=\"http:\/\/www.ditting-bau.de\/aktuell\/pressemitteilungen\/single\/?tx_ttnews%5Btt_news%5D=35&amp;cHash=a3997eca84912b51ea3c0f76dcad602e\" target=\"_blank\">lesen<\/a><\/li>\n<\/ul>\n<p style=\"text-align: justify;\"><span style=\"color: #ffffff;\">.<\/span><\/p>\n<p>Quantum Immobilien AG,\u00a0 <a href=\"http:\/\/www.quantum.ag\/#presse-details\/?tx_frfilterlists_news[news]=44&amp;tx_frfilterlists_news[action]=show&amp;tx_frfilterlists_news[controller]=News&amp;cHash=4be4ad3d817764860ed82968086b0bb1\" target=\"_blank\">Pressemitteilung<\/a> vom 05.11.2014:<\/p>\n<ul>\n<li><strong>Ditting und Quantum feiern Richtfest in L\u00fcneburg<\/strong> &#8211; <a href=\"http:\/\/www.quantum.ag\/#presse-details\/?tx_frfilterlists_news[news]=44&amp;tx_frfilterlists_news[action]=show&amp;tx_frfilterlists_news[controller]=News&amp;cHash=4be4ad3d817764860ed82968086b0bb1\" target=\"_blank\">lesen<\/a><\/li>\n<\/ul>\n<p>&nbsp;<\/p>\n<p><span style=\"color: #ffffff;\">.<\/span><\/p>\n<p><a href=\"http:\/\/www.hanseviertel-lueneburg.de\/125.html\" target=\"_blank\">www.hanseviertel-lueneburg.de<\/a>, 05.11.2014:<\/p>\n<p style=\"text-align: justify;\"><b>Ditting und Quantum feiern gemeinsam mit dem Endinvestor und 140 geladenen G\u00e4sten Richtfest f\u00fcr 127 Mietwohnungen<\/b><\/p>\n<blockquote>\n<p style=\"text-align: justify;\"><a href=\"http:\/\/www.hanseviertel-lueneburg.de\/uploads\/RTEmagicC_PM_Richtfest_Lueneburg_05.11.2014_486px.jpg.jpg\" target=\"_blank\"><img loading=\"lazy\" decoding=\"async\" class=\" alignright\" src=\"http:\/\/www.hanseviertel-lueneburg.de\/uploads\/RTEmagicC_PM_Richtfest_Lueneburg_05.11.2014_486px.jpg.jpg\" width=\"89\" height=\"134\" \/><\/a>Am 5. November 2014 feierten die Investoren, die Quantum Immobilien Kapitalverwaltungsgesellschaft mbH handelnd fu\u0308r einen Immobilien-Spezialfonds des Versorgungswerks der Zahn\u00e4rztekammer Berlin, zusammen mit der Richard Ditting GmbH &amp; Co. KG sowie mehr als 150 geladenen G\u00e4sten aus Wirtschaft und Politik Richtfest in L\u00fcneburg&#8230;<\/p>\n<p style=\"text-align: justify;\">Dr. Ingo Rellermeier, Vorsitzender des Verwaltungsausschusses des Versorgungswerks der Zahn\u00e4rztekammer Berlin zeigt sich sehr zufrieden mit dem Engagement in Lu\u0308neburg: \u201eWir freuen uns, mit unserem Investment in der attraktiven und wachsenden Stadt Lu\u0308neburg einen Beitrag zur Verbesserung der Wohnraumversorgung zu leisten. Wir sind u\u0308berzeugt, dass das Hanseviertel ein lebendiger neuer Stadtteil wird, der von der N\u00e4he zum Bahnhof und der historischen Altstadt profitiert.\u201c<\/p>\n<\/blockquote>\n<p><span style=\"color: #ffffff;\">.<\/span><\/p>\n<p>&nbsp;<\/p>\n<p><span style=\"text-decoration: underline;\">Erg\u00e4nzung vom 14.12.2016:<\/span><br \/>\nForum\u00a0<span class=\"navbar\"><a accesskey=\"1\" href=\"http:\/\/www.skyscrapercity.com\/index.php\" target=\"_blank\">SkyscraperCity<\/a><\/span>, Beitrag <a href=\"http:\/\/www.skyscrapercity.com\/showthread.php?t=1386462&amp;page=2\" target=\"_blank\"><span title=\"Forum Moderator\"><b><i>UNIT-er<\/i><\/b><\/span>, 16.12.2015 (Auszug):<\/a><\/p>\n<p>Hanseviertel L\u00fcneburg, Stra\u00dfen:<br \/>\n&#8211; Wohnerlebnis Stadthaus: Alfred-Trebchen-Stra\u00dfe 37 &#8211; 55<br \/>\n&#8211; HanseHaus: Hans-Heinrich-Stelljes-Stra\u00dfe 29 + 31<br \/>\n&#8211; Stadtblick: Alfred-Trebchen-Stra\u00dfe 33 + 35<br \/>\n&#8211; Tartuer Tor: L\u00fcbecker Stra\u00dfe (Wohnhaus) und Tartuer Stra\u00dfe (Wohn- und Gesch\u00e4ftshaus)<br \/>\n&#8211; Max und Moritz: L\u00fcbecker Stra\u00dfe (Max) und Tartuer Stra\u00dfe (Moritz)<br \/>\n&#8211; <strong>Vier im Viertel: <a href=\"https:\/\/www.google.de\/maps\/place\/Alfred-Trebchen-Stra%C3%9Fe+73,+21337+L%C3%BCneburg\/@53.2539167,10.4283002,17z\/data=!3m1!4b1!4m5!3m4!1s0x47b1dddf56d7fc23:0x29f8bd1f77b1d7bc!8m2!3d53.2539167!4d10.4304889\" target=\"_blank\">Alfred-Trebchen-Stra\u00dfe 73 &#8211; 77<\/a> und <a href=\"https:\/\/www.google.de\/maps\/place\/Tartuer+Str.,+21337+L%C3%BCneburg\/@53.2549733,10.4304121,17z\/data=!3m1!4b1!4m5!3m4!1s0x47b1de7594525f27:0xe72aae64497f5c98!8m2!3d53.2549733!4d10.4326008\" target=\"_blank\">Tartuer Stra\u00dfe 10<\/a> (Haus 1 und 2) \/ <a href=\"https:\/\/www.google.de\/maps\/place\/Tartuer+Str.,+21337+L%C3%BCneburg\/@53.2549733,10.4304121,17z\/data=!3m1!4b1!4m5!3m4!1s0x47b1de7594525f27:0xe72aae64497f5c98!8m2!3d53.2549733!4d10.4326008\" target=\"_blank\">Tartuer Stra\u00dfe 7<\/a> &#8211; 11 und <a href=\"https:\/\/www.google.de\/maps\/place\/Hans-Heinrich-Stelljes-Stra%C3%9Fe+7,+21337+L%C3%BCneburg\/@53.2543381,10.4351423,17z\/data=!3m1!4b1!4m5!3m4!1s0x47b1de746d83039d:0xb5b5003151ab37fe!8m2!3d53.2543381!4d10.437331\" target=\"_blank\">Hans-Heinrich-Stelljes-Stra\u00dfe 7<\/a> (Haus 3 und 4)<\/strong><br \/>\n&#8211; Wohnen am Stadtplatz: Hansestra\u00dfe<br \/>\n&#8211; Am Kasinogarten: L\u00fcbecker Stra\u00dfe<br \/>\n&#8211; Hanse-Twins: Heinz-Schlawatzky-Stra\u00dfe 10 + 12<br \/>\n&#8211; Am Offizierskasino: Hans-Heinrich-Stelljes-Stra\u00dfe 10 &#8211; 14<br \/>\nBauherren:<br \/>\n<strong>&#8211; Vier im Viertel: Richard Ditting Bau Gmbh &amp; Co KG<br \/>\n<\/strong>Architekten:<br \/>\n<strong>&#8211; Vier im Viertel: Schenk+Waiblinger Architekten (<a href=\"http:\/\/resp.schenk-waiblinger.de\/?page_id=810\" target=\"_blank\">Projektbeschreibung <\/a>\/ <a href=\"http:\/\/resp.schenk-waiblinger.de\/wp-content\/uploads\/2013\/06\/wb_hanseviertel_lageplan_1800x845.jpg\" target=\"_blank\">Grafik<\/a>)<br \/>\n<\/strong>Projektmanagement:<br \/>\n<strong>&#8211; Vier im Viertel: Quantum Immobilien AG<\/strong><br \/>\nVermarkter:<br \/>\n<strong>&#8211; Vier im Viertel: Peters + Peters Wohn- und Anlageimmobilien GmbH<br \/>\n<\/strong>Eckdaten:<br \/>\n<strong>&#8211; Vier im Viertel: Alfred-Trebchen-Stra\u00dfe 73 &#8211; 77 und Tartuer Stra\u00dfe 10 (Haus 1 und 2) sowie Tartuer Stra\u00dfe 7 &#8211; 11 und Hans-Heinrich-Stelljes-Stra\u00dfe 7 (Haus 3 und 4) mit 128 Mietwohnungen plus Tiefgaragenstellpl\u00e4tze<br \/>\n<\/strong>Bild:<strong><br \/>\nVier im Viertel:<br \/>\n<a href=\"http:\/\/abload.de\/image.php?img=vierimviertelf4ur7.jpg\" target=\"_blank\"><img loading=\"lazy\" decoding=\"async\" class=\"alignnone size-full\" src=\"http:\/\/abload.de\/img\/vierimviertelf4ur7.jpg\" width=\"660\" height=\"440\" \/><\/a><br \/>\n<\/strong><\/p>\n<p><span style=\"color: #ffffff;\">.<\/span><\/p>\n<p><span style=\"color: #ffffff;\">.<\/span><\/p>\n<p><strong>Gesamtquartier<\/strong>: <a href=\"http:\/\/www.hanseviertel-lueneburg.de\" target=\"_blank\">http:\/\/www.hanseviertel-lueneburg.de<\/a><span style=\"color: #ffffff;\">www.hanseviertel-lueneburg.de<\/span><\/p>\n","protected":false},"excerpt":{"rendered":"<p>Ditting-Bau, Pressemitteilung vom 04.11.2014: Ditting und Quantum feiern gemeinsam mit dem Endinvestor Richtfest f\u00fcr 127 Mietwohnungen im Hanseviertel L\u00fcneburg &#8211; lesen . Quantum Immobilien AG,\u00a0 Pressemitteilung vom 05.11.2014: Ditting und [&#8230;]<\/p>\n","protected":false},"author":13,"featured_media":0,"comment_status":"closed","ping_status":"closed","sticky":false,"template":"","format":"standard","meta":{"ngg_post_thumbnail":0,"iawp_total_views":1,"footnotes":""},"categories":[96,47],"tags":[],"class_list":["post-13223","post","type-post","status-publish","format-standard","hentry","category-investment-hanseviertel-lueneburg","category-versorgungswerk-vzb"],"_links":{"self":[{"href":"https:\/\/iuzb.de\/index.php?rest_route=\/wp\/v2\/posts\/13223","targetHints":{"allow":["GET"]}}],"collection":[{"href":"https:\/\/iuzb.de\/index.php?rest_route=\/wp\/v2\/posts"}],"about":[{"href":"https:\/\/iuzb.de\/index.php?rest_route=\/wp\/v2\/types\/post"}],"author":[{"embeddable":true,"href":"https:\/\/iuzb.de\/index.php?rest_route=\/wp\/v2\/users\/13"}],"replies":[{"embeddable":true,"href":"https:\/\/iuzb.de\/index.php?rest_route=%2Fwp%2Fv2%2Fcomments&post=13223"}],"version-history":[{"count":24,"href":"https:\/\/iuzb.de\/index.php?rest_route=\/wp\/v2\/posts\/13223\/revisions"}],"predecessor-version":[{"id":18431,"href":"https:\/\/iuzb.de\/index.php?rest_route=\/wp\/v2\/posts\/13223\/revisions\/18431"}],"wp:attachment":[{"href":"https:\/\/iuzb.de\/index.php?rest_route=%2Fwp%2Fv2%2Fmedia&parent=13223"}],"wp:term":[{"taxonomy":"category","embeddable":true,"href":"https:\/\/iuzb.de\/index.php?rest_route=%2Fwp%2Fv2%2Fcategories&post=13223"},{"taxonomy":"post_tag","embeddable":true,"href":"https:\/\/iuzb.de\/index.php?rest_route=%2Fwp%2Fv2%2Ftags&post=13223"}],"curies":[{"name":"wp","href":"https:\/\/api.w.org\/{rel}","templated":true}]}}