{"id":13143,"date":"2015-06-01T15:13:09","date_gmt":"2015-06-01T13:13:09","guid":{"rendered":"http:\/\/iuzb.de\/?p=13143"},"modified":"2016-11-06T11:53:30","modified_gmt":"2016-11-06T10:53:30","slug":"bericht-ueber-die-vertreterversammlung-vom-30-mai-2015","status":"publish","type":"post","link":"https:\/\/iuzb.de\/?p=13143","title":{"rendered":"Bericht \u00fcber die Vertreterversammlung vom 30. Mai 2015"},"content":{"rendered":"<p style=\"text-align: justify;\"><strong><a href=\"https:\/\/iuzb.de\/wp-content\/uploads\/2016\/11\/2015-05-30-VZB-Beschluesse.pdf\" target=\"_blank\"><img loading=\"lazy\" decoding=\"async\" class=\"alignright size-full wp-image-13145\" src=\"https:\/\/iuzb.de\/wp-content\/uploads\/2016\/11\/2015-05-30-VZB-Beschluesse-Bild-215x300.jpg\" alt=\"2015-05-30-vzb-beschluesse-bild-215x300\" width=\"215\" height=\"300\" \/><\/a>Liebe Kolleginnen und liebe Kollegen<\/strong>,<\/p>\n<p style=\"text-align: justify;\">im Anhang findet Ihr die <a href=\"https:\/\/iuzb.de\/wp-content\/uploads\/2016\/11\/2015-05-30-VZB-Beschluesse.pdf\" target=\"_blank\">Tischvorlage<\/a> zur <a href=\"http:\/\/www.iuzb.org\/wordpress\/?p=11875\" target=\"_blank\">Vertreterversammlung vom 30.05.2015<\/a> \u00fcber die wir heute abgestimmt haben. Den Punkten 1, 2, 3, 7 und 8 haben wir (Winnetou Kampmann und ich) zugestimmt. Bei der Abstimmung \u00fcber die Punkte 4, 5, 6 und 9 haben wir uns enthalten.<\/p>\n<p style=\"text-align: justify;\">Entscheidender Hintergrund f\u00fcr die Einf\u00fchrung dieser Regelung ist nach Ansicht der Mehrheit der Vertreter die Tatsache, dass insbesondere in Brandenburg sich f\u00fcr die Zahnarztpraxen keine K\u00e4ufer finden und den Kollegen die M\u00f6glichkeit gegeben werden soll, den dadurch entstehenden finanziellen Verlust (?) durch l\u00e4ngere Lebensarbeitszeiten bei hinausgeschobener Altersrente auszugleichen. Auch wenn vom Verwaltungsausschuss versichert wurde, dass diese Regelungen f\u00fcr die laufenden Ergebnisse des Versorgungswerkes unsch\u00e4dlich sind, hat mich die Argumentation nicht \u00fcberzeugt. Zu dieser Flexibilisierung des Renteneintrittalters wurden keine Berechnungen vorgelegt und es konnten keine Zahlen genannt werden, die eine verst\u00e4rkte Nachfrage nach dieser Regelung belegen w\u00fcrden. (Nach meiner Auffassung, k\u00f6nnte dieses Problem der drohenden Unterversorgung in Brandenburg z. B. mit einem Abbau der \u00dcberversorgung (Zulassungssperre ?) in Berlin &#8211; zumindest teilweise &#8211; kompensiert werden und ich werde das Gef\u00fchl nicht los, dass diese \u201cfreiwillige\u201c Verl\u00e4ngerung der Lebensarbeitszeit ein Probelauf f\u00fcr kommende Entwicklungen sein k\u00f6nnte. Zu skeptisch?)<\/p>\n<p style=\"text-align: justify;\">In dem Bericht \u00fcber das Gesch\u00e4ftsjahr 2014 wurden die Vertreter dahingehend informiert, dass der Rechnungszins knapp erreicht werden konnte und das laufende Gesch\u00e4ftsjahr einen positiveren Verlauf zu nehmen scheint. Gleichzeitig wurde darauf hingewiesen, dass das Erreichen des Rechnungszinses in Zukunft immer schwieriger werden wird und damit eine Steigerung der Kosten durch Mehrarbeit im Verwaltungsausschuss und beim Management der Verm\u00f6gensanlagen erwartet werden muss.<\/p>\n<p style=\"text-align: justify;\">Was die Entwicklung um den Erwerb des Ressorts in <a href=\"https:\/\/iuzb.de\/?cat=86\" target=\"_blank\">Fleesensee<\/a> anbetrifft, so ist hier nach Auskunft des Verwaltungsausschusses alles auf dem besten Weg. Zwar gibt es f\u00fcr das <a href=\"https:\/\/iuzb.de\/?p=13120\" target=\"_blank\">Sommerfest<\/a> offensichtlich noch keine \u00fcberw\u00e4ltigende Flut von Anmeldungen, auf die von mir angezweifelte Legitimit\u00e4t der Rabattaktion f\u00fcr Mitglieder des VZB angesprochen, wurde uns versichert, dass dies juristisch gepr\u00fcft worden ist und in diesem Zusammenhang keine Probleme zu erwarten sind.<\/p>\n<p style=\"text-align: justify;\">\u00dcber das <a href=\"https:\/\/iuzb.de\/?cat=88\" target=\"_blank\">Recyclingprojekt<\/a> in den USA wurde kurz berichtet, dass das Projekt in einer 50 zu 50 Beteiligung in absehbarer Zeit gestartet werden kann.<\/p>\n<p style=\"text-align: justify;\">An der Diskussion \u00fcber die unterschiedlichen Tagesordnungspunkte haben auf Seiten der Vertreter weitestgehend nur Winnetou Kampmann und ich teilgenommen. Erneut blieb es dem Kammerpr\u00e4sidenten Dr. Schmiedel ein besonderes Bed\u00fcrfnis, uns f\u00fcr unser Abstimmungsverhalten zu kritisieren und wieder waren es einige Ver\u00f6ffentlichungen auf der Internetseite der IUZB, die sich offensichtlich ganz besonderer Aufmerksamkeit erfreuen. Dem Vorwurf der Verunsicherung der Kollegenschaft durch auf der Internetseite gegebene Informationen, haben wir entgegengehalten, dass bei einer gr\u00f6\u00dferen Transparenz in der Informationspolitik des Verwaltungsausschusses gegen\u00fcber den Vertretern und allen Mitgliedern des VZB (z. B. umfassendere Zurverf\u00fcgungstellung von Unterlagen f\u00fcr die Vertreterversammlungen, Ver\u00f6ffentlichung der Protokolle im MBZ und Ank\u00fcndigung der Tagungstermine ebenda) die Arbeit in den Gremien des Versorgungswerkes effektiver gestaltet werden k\u00f6nnte und die f\u00fcr alle Mitglieder offenen Versammlungen gr\u00f6\u00dfere Aufmerksamkeit finden w\u00fcrde.<\/p>\n<p style=\"text-align: justify;\"><strong>Herzliche Gr\u00fc\u00dfe<\/strong><\/p>\n<p style=\"text-align: justify;\"><strong><img loading=\"lazy\" decoding=\"async\" class=\"alignleft size-thumbnail wp-image-12486\" src=\"https:\/\/iuzb.de\/wp-content\/uploads\/2008\/07\/Dr.-Helmut-Dohmeier-de-Haan-107x150.jpg\" alt=\"dr-helmut-dohmeier-de-haan\" width=\"107\" height=\"150\" srcset=\"https:\/\/iuzb.de\/wp-content\/uploads\/2008\/07\/Dr.-Helmut-Dohmeier-de-Haan-107x150.jpg 107w, https:\/\/iuzb.de\/wp-content\/uploads\/2008\/07\/Dr.-Helmut-Dohmeier-de-Haan-214x300.jpg 214w, https:\/\/iuzb.de\/wp-content\/uploads\/2008\/07\/Dr.-Helmut-Dohmeier-de-Haan.jpg 591w\" sizes=\"auto, (max-width: 107px) 100vw, 107px\" \/><\/strong><\/p>\n<p style=\"text-align: justify;\"><span style=\"color: #ffffff;\">.<\/span><\/p>\n<p style=\"text-align: justify;\"><strong>Helmut Dohmeier-de Haan<\/strong><\/p>\n<p style=\"text-align: justify;\">Mitglied der Vertreterversammlung<br \/>\ndes Versorgungswerkes der Zahn\u00e4rztekammer Berlin (f\u00fcr die <a href=\"http:\/\/www.union-2012.de\/\" target=\"_blank\">UNION 2012<\/a>)<br \/>\nund Vorstandsmitglied IUZB e.V.<\/p>\n<p style=\"text-align: justify;\"><span style=\"color: #ffffff;\">.<\/span><\/p>\n<p style=\"text-align: justify;\"><span style=\"color: #ffffff;\">.<\/span><\/p>\n<p style=\"text-align: justify;\"><strong>PS.<\/strong> Das auch noch: <a class=\"moz-txt-link-abbreviated\" href=\"http:\/\/www.fleesensee-invest.de\" target=\"_blank\">www.fleesensee-invest.de<\/a><br \/>\n&#8222;<em>Ferienimmobilien als Kapitalanlage und krisensichere Sachwerte \/ Werden Sie Eigent\u00fcmer und genie\u00dfen Sie viele Vorteile<\/em> \/<em> zu Kaufpreisen ab 91.000 \u20ac<\/em> &#8222;<\/p>\n<p style=\"text-align: justify;\"><span style=\"color: #ffffff;\">.<\/span><\/p>\n<p style=\"text-align: justify;\"><span style=\"color: #ffffff;\">.<\/span><\/p>\n","protected":false},"excerpt":{"rendered":"<p>Liebe Kolleginnen und liebe Kollegen, im Anhang findet Ihr die Tischvorlage zur Vertreterversammlung vom 30.05.2015 \u00fcber die wir heute abgestimmt haben. Den Punkten 1, 2, 3, 7 und 8 haben [&#8230;]<\/p>\n","protected":false},"author":13,"featured_media":0,"comment_status":"closed","ping_status":"open","sticky":false,"template":"","format":"standard","meta":{"ngg_post_thumbnail":0,"iawp_total_views":6,"footnotes":""},"categories":[86,88,89,47,87],"tags":[],"class_list":["post-13143","post","type-post","status-publish","format-standard","hentry","category-investment-fleesensee","category-investment-recyclinganlage","category-renteneintrittsalter","category-versorgungswerk-vzb","category-vertreterversammlung"],"_links":{"self":[{"href":"https:\/\/iuzb.de\/index.php?rest_route=\/wp\/v2\/posts\/13143","targetHints":{"allow":["GET"]}}],"collection":[{"href":"https:\/\/iuzb.de\/index.php?rest_route=\/wp\/v2\/posts"}],"about":[{"href":"https:\/\/iuzb.de\/index.php?rest_route=\/wp\/v2\/types\/post"}],"author":[{"embeddable":true,"href":"https:\/\/iuzb.de\/index.php?rest_route=\/wp\/v2\/users\/13"}],"replies":[{"embeddable":true,"href":"https:\/\/iuzb.de\/index.php?rest_route=%2Fwp%2Fv2%2Fcomments&post=13143"}],"version-history":[{"count":3,"href":"https:\/\/iuzb.de\/index.php?rest_route=\/wp\/v2\/posts\/13143\/revisions"}],"predecessor-version":[{"id":13148,"href":"https:\/\/iuzb.de\/index.php?rest_route=\/wp\/v2\/posts\/13143\/revisions\/13148"}],"wp:attachment":[{"href":"https:\/\/iuzb.de\/index.php?rest_route=%2Fwp%2Fv2%2Fmedia&parent=13143"}],"wp:term":[{"taxonomy":"category","embeddable":true,"href":"https:\/\/iuzb.de\/index.php?rest_route=%2Fwp%2Fv2%2Fcategories&post=13143"},{"taxonomy":"post_tag","embeddable":true,"href":"https:\/\/iuzb.de\/index.php?rest_route=%2Fwp%2Fv2%2Ftags&post=13143"}],"curies":[{"name":"wp","href":"https:\/\/api.w.org\/{rel}","templated":true}]}}