{"id":13134,"date":"2014-12-08T19:31:22","date_gmt":"2014-12-08T18:31:22","guid":{"rendered":"http:\/\/iuzb.de\/?p=13134"},"modified":"2016-11-02T08:54:40","modified_gmt":"2016-11-02T07:54:40","slug":"bericht-ueber-die-vertreterversammlung-des-versorgungswerkes-der-zahnaerztekammer-berlin-vom-29-11-2014","status":"publish","type":"post","link":"https:\/\/iuzb.de\/?p=13134","title":{"rendered":"Bericht \u00fcber die Vertreterversammlung des Versorgungswerkes der Zahn\u00e4rztekammer Berlin vom 29.11.2014"},"content":{"rendered":"<p style=\"text-align: justify;\">Erwartungsgem\u00e4\u00df entwickelte sich in der Vertreterversammlung des Versorgungswerkes der Zahn\u00e4rztekammer Berlin am <a href=\"http:\/\/www.iuzb.org\/wordpress\/?p=10299\" target=\"_blank\">29. November 2014<\/a> der unter dem Tagesordnungspunkt 11. (Ausblick auf die Jahre 2014 und 2015) behandelte Erwerb des Golfressort Fleesensee zu einer kontroversen Diskussion zwischen einigen Mitgliedern der Vertreterversammlung, dem Verwaltungsausschuss und dem Direktor. Vom sechsk\u00f6pfigen Aufsichtsausschuss waren zwei Mitglieder anwesend.<\/p>\n<p style=\"text-align: justify;\">Im Vorfeld der Sitzung hatten die Vertreter der Union 2012 und der Fraktion Gesundheit sowohl zu den Verwaltungskosten, als auch zu dem Erwerb des Golfressorts um detailliertere schriftliche Ausk\u00fcnfte gebeten. Dieser Bitte ist der Verwaltungsausschuss nicht gefolgt.<\/p>\n<p style=\"text-align: justify;\">Weitere Informationen zu ihren Anfragen erhielten die Vertreter erst im Verlauf der Sitzung am 29. November. Da \u00fcber den Kaufpreis der Transaktion Stillschweigen vereinbart worden war, konnte vom Direktor nur eine ann\u00e4hernde Kaufpreissumme im mittleren zweistelligen Millionenbetrag genannt werden. In seinem Bericht informierte er die Vertreter \u00fcber einige, bei der Vertragsgestaltung mit den Miteigent\u00fcmern ergriffenen \u201eSchutzma\u00dfnahmen\u201c.<br \/>\nEine Reihe der zuvor schriftlich gestellten Fragen blieben unbeantwortet. Unklar blieb auch, ab wann und in welchem Umfang der \u00fcber den Verwaltungsausschuss aufsichtsf\u00fchrenden Aufsichtsausschuss \u00fcber den Erwerb des Golfressorts in Kenntnis gesetzt worden ist.<\/p>\n<p style=\"text-align: justify;\">Damit stand den Mitgliedern der Vertreterversammlung (die satzungsgem\u00e4\u00df sowohl \u00fcber die Entlastung des Verwaltungs- als auch des Aufsichtsausschusses zu befinden haben) bei ihrer Sitzungsvorbereitung in Bezug auf das Investment \u201eFleesensee\u201c nur die jedermann allgemein zug\u00e4nglichen, unterschiedlichen Pressever\u00f6ffentlichungen zur Verf\u00fcgung.<\/p>\n<p style=\"text-align: justify;\">Die Wiedergabe dieser Pressemitteilungen und damit verbundener Kommentare auf der Internetseite der IUZB, wurden von dem Berliner und dem Brandenburger Kammerpr\u00e4sidenten als eine f\u00fcr das Ansehen der Zahn\u00e4rzteschaft sch\u00e4dliche (Zahnarzt=Golf\/Porsche) und \u00fcberfl\u00fcssige \u00f6ffentliche Diskussion heftig kritisiert.<\/p>\n<p style=\"text-align: justify;\">Vom Pr\u00e4sidenten der Zahn\u00e4rztekammer Brandenburg wurden das berufspolitische Engagement von Kolleginnen und Kollegen in diesem Zusammenhang als das Ergebnis eines spezifisch Berliner \u201esoziokulturellen Zuchtexperimentes\u201c aus der \u201eVor-Mauerzeit\u201c beschimpft. Die zur Einhaltung der satzungsgem\u00e4\u00dfen Aufgaben der Vertreterversammlung notwendige Forderung nach rechtzeitiger Information und Transparenz in allen Gremien des Versorgungswerkes verspottete er als unzul\u00e4ssige und \u00fcberfl\u00fcssige \u201eVolksbefragung\u201c.<\/p>\n<p style=\"text-align: justify;\">Dass vor der Unterrichtung der Mitglieder (per Email) der Vertreterversammlung, der Verwaltungsausschuss des Versorgungswerkes bereits mehrere Tage zuvor von sich aus die \u00d6ffentlichkeit gesucht hatte und sich dabei &#8211; gewollt oder ungewollt &#8211; mit Presseinterviews (VZB: \u201e(&#8230;)<a href=\"https:\/\/iuzb.de\/?p=13118\" target=\"_blank\">quasi m\u00fcndelsicheres Investment<\/a>\u201c) in eine <a href=\"https:\/\/iuzb.de\/?p=13127\" target=\"_blank\">Imagekampagne und Werbestrategie<\/a> seiner neuen Gesch\u00e4ftspartner hatte einbinden lassen, blieb unerw\u00e4hnt.<\/p>\n<p style=\"text-align: justify;\">Recherchen der IUZB hatten ergeben, welche unr\u00fchmliche und fragw\u00fcrdige Rolle die Miteigent\u00fcmer in der juristisch noch nicht abgeschlossenen \u201eN\u00fcrburgring-Aff\u00e4re\u201c spielen.<\/p>\n<p style=\"text-align: justify;\">Trotz dieser, der Vertreterversammlung detailliert vorgetragenen Bedenken, wurde das Investment unter Ber\u00fccksichtigung des vorhandenen Gesamtverm\u00f6gens des VZB, vom Pr\u00e4sidenten der Zahn\u00e4rztekammer Berlin als risikobehaftetes \u201eSchn\u00e4ppchen\u201c mit au\u00dferordentlichem Gewinnpotenzial eingesch\u00e4tzt und ausdr\u00fccklich bef\u00fcrwortet.<\/p>\n<p style=\"text-align: justify;\">Auch der Pr\u00e4sident der Landeszahn\u00e4rztekammer Brandenburg bekundete seine uneingeschr\u00e4nkte Zustimmung und verwies in diesem Zusammenhang auf seine herausragende Kompetenz bei der Beurteilung der Kaufentscheidung f\u00fcr den Erwerb der drei Hotels, der f\u00fcnf Golfpl\u00e4tze und der Therme. Als Eigent\u00fcmer eines Hotels mit 50 Zimmern erkl\u00e4rte er den Kolleginnen und Kollegen, dass <strong>er<\/strong> wei\u00df wovon er redet.<\/p>\n<p style=\"text-align: justify;\">Des weiteren berichtete der Direktor \u00fcber das Recycling-Projekt des VZB in den USA. Dabei handelt es sich um eine geplante Beteiligung auf Eigenkapitalebene. Hintergrund des in Aussicht genommenen Investments ist es, dass das uns bekannte System zur Wiederverwendung von Plastikflaschen in den USA weitestgehend unbekannt ist. Die Entscheidung f\u00fcr dieses Investment basierte unter anderem auf der Tatsache, dass die zu erstellende Anlage mit deutscher Technologie gefahren werden wird. Machbarkeitsstudien und Kostenrechnung haben dazu gef\u00fchrt, dass Vorvertr\u00e4ge geschlossen worden sind. Die Beteiligung an dem Joint Venture l\u00e4uft unter amerikanischen Management und ist als Direktinvestition geplant.<\/p>\n<p style=\"text-align: justify;\">Der unter dem Tagesordnungspunkt 7. gefasste Beschluss zur Feststellung des Jahresabschlusses des Versorgungswerkes der Zahn\u00e4rztekammer Berlin f\u00fcr das Kalenderjahr 2013 und der unter Tagesordnungspunkt 8. gefasste Beschluss \u00fcber die Verwendung der \u00dcbersch\u00fcsse erfolgten einstimmig.<\/p>\n<p style=\"text-align: justify;\">Der zu Tagesordnungspunkt 8. gefasste Beschluss lautet:<\/p>\n<p style=\"text-align: justify;\">Die Vertreterversammlung beschlie\u00dft, aus dem Ergebnis der Kalenderjahre 2011-2013 f\u00fcr die Renten mit Rentenbeginn vor dem 1.1.2015 aus Betr\u00e4gen,<\/p>\n<p style=\"padding-left: 30px;\">\u2022 die f\u00fcr die Zeiten vor dem 1.1.2008 geleistet wurden, eine Dynamisierung zum 1.1.2015 in H\u00f6he von 2 % vorzunehmen,<br \/>\n\u2022 die f\u00fcr Zeiten ab 1.1.2008 geleistet wurden, eine Dynamisierung zum 1.1.2015 in H\u00f6he von 4,94 % vorzunehmen.<\/p>\n<p style=\"text-align: justify;\">In diesem Zusammenhang soll es nicht unerw\u00e4hnt bleiben, dass die Rendite trotz des schwierigen wirtschaftlichen Umfelds gut war und \u00fcber dem Rechnungszins lag, so dass diese Dynamisierungen m\u00f6glich wurden, und dass die Wirtschaftspr\u00fcfer ein uneingeschr\u00e4nktes Testat erteilt haben.<\/p>\n<p style=\"text-align: justify;\">Die Vertreterversammlung beschloss die allgemeine Bemessungsgrundlage f\u00fcr Renten mit einem Rentenbeginn nach dem 31.12.2010 gem\u00e4\u00df Paragraph 16 Abs. 1 der Satzung auf 1620,40 \u20ac festzusetzen.<\/p>\n<p style=\"text-align: justify;\">Unter Tagesordnungspunkt 9. erfolgte die <strong>gleichzeitige (!)<\/strong> Entlastung des Aufsichts- und des Verwaltungsausschusses des Versorgungswerkes der Zahn\u00e4rztekammer Berlin f\u00fcr das Kalenderjahr 2013.<\/p>\n<p style=\"text-align: justify;\">F\u00fcr die Entlastung stimmten acht Vertreter. Die drei Vertreter der UNION 2012 und der Fraktion Gesundheit enthielten sich der Stimme. Weil der Aufsichtsausschuss und der Verwaltungsausschuss nicht <a href=\"http:\/\/www.iuzb.org\/wordpress\/?cat=58\" target=\"_blank\">spiegelbildlich<\/a> besetzt sind, verf\u00fcgen die Vertreter dieser beiden Wahllisten \u00fcber keine ausreichenden Einblicke in die Gesch\u00e4ftsf\u00fchrung, um die Entlastung mit gutem Gewissen erteilen zu k\u00f6nnen.<\/p>\n<p style=\"text-align: justify;\">Als Ergebnis der Diskussion unter dem Tagesordnungspunkt 10. \u00fcber die Analyse der M\u00f6glichkeiten des Hinausschieben des Altersrenteneintrittes, beauftragte die Vertreterversammlung den Verwaltungs- und Aufsichtsausschuss bis zur n\u00e4chsten Vertreterversammlung einen Satzungsentwurf vorzulegen, mit dem das Hinausschieben des Renteneintritt <strong>bis mindestens 70 Jahren<\/strong> mit der M\u00f6glichkeit weiterer Beitragszahlungen oder ohne Beitragszahlung eingef\u00fchrt werden kann.<\/p>\n<p style=\"text-align: justify;\">Am Ende der Sitzung bat der Berliner Kammerpr\u00e4sident noch darum, ein &#8222;kurzes&#8220; abschlie\u00dfendes vorweihnachtliches Abschluss-Dankes-Wort an alle Anwesenden richten zu d\u00fcrfen. Dabei verga\u00df er nicht seinen Dank und die guten W\u00fcnsche mit einer Schelte f\u00fcr die drei Vertreter zu verbinden, die bei der Entlastung der Aussch\u00fcsse ihr legitimes Recht auf Stimmenthaltung wahrgenommen (und andernorts gegen seinen Wunsch nach einem <a href=\"http:\/\/www.iuzb.org\/wordpress\/?cat=48\" target=\"_blank\">\u00dcbergangsgeld<\/a> votiert) hatten.<\/p>\n<p>___________________________<\/p>\n<p><strong><img loading=\"lazy\" decoding=\"async\" class=\"alignleft size-thumbnail wp-image-12486\" src=\"https:\/\/iuzb.de\/wp-content\/uploads\/2008\/07\/Dr.-Helmut-Dohmeier-de-Haan-107x150.jpg\" alt=\"dr-helmut-dohmeier-de-haan\" width=\"107\" height=\"150\" srcset=\"https:\/\/iuzb.de\/wp-content\/uploads\/2008\/07\/Dr.-Helmut-Dohmeier-de-Haan-107x150.jpg 107w, https:\/\/iuzb.de\/wp-content\/uploads\/2008\/07\/Dr.-Helmut-Dohmeier-de-Haan-214x300.jpg 214w, https:\/\/iuzb.de\/wp-content\/uploads\/2008\/07\/Dr.-Helmut-Dohmeier-de-Haan.jpg 591w\" sizes=\"auto, (max-width: 107px) 100vw, 107px\" \/><\/strong><\/p>\n<p>&nbsp;<\/p>\n<p><strong>Dr. Helmut Dohmeier-de Haan<\/strong><br \/>\nMitglied der Vertreterversammlung VZB (UNION 2012)<br \/>\nMitglied Vorstand IUZB e. V.<br \/>\n<a href=\"http:\/\/www.iuzb.org\/wordpress\/?page_id=7\" target=\"_blank\">Kontakt<\/a><\/p>\n","protected":false},"excerpt":{"rendered":"<p>Erwartungsgem\u00e4\u00df entwickelte sich in der Vertreterversammlung des Versorgungswerkes der Zahn\u00e4rztekammer Berlin am 29. November 2014 der unter dem Tagesordnungspunkt 11. (Ausblick auf die Jahre 2014 und 2015) behandelte Erwerb des [&#8230;]<\/p>\n","protected":false},"author":13,"featured_media":0,"comment_status":"closed","ping_status":"open","sticky":false,"template":"","format":"standard","meta":{"ngg_post_thumbnail":0,"iawp_total_views":90,"footnotes":""},"categories":[86,88,47,87],"tags":[],"class_list":["post-13134","post","type-post","status-publish","format-standard","hentry","category-investment-fleesensee","category-investment-recyclinganlage","category-versorgungswerk-vzb","category-vertreterversammlung"],"_links":{"self":[{"href":"https:\/\/iuzb.de\/index.php?rest_route=\/wp\/v2\/posts\/13134","targetHints":{"allow":["GET"]}}],"collection":[{"href":"https:\/\/iuzb.de\/index.php?rest_route=\/wp\/v2\/posts"}],"about":[{"href":"https:\/\/iuzb.de\/index.php?rest_route=\/wp\/v2\/types\/post"}],"author":[{"embeddable":true,"href":"https:\/\/iuzb.de\/index.php?rest_route=\/wp\/v2\/users\/13"}],"replies":[{"embeddable":true,"href":"https:\/\/iuzb.de\/index.php?rest_route=%2Fwp%2Fv2%2Fcomments&post=13134"}],"version-history":[{"count":4,"href":"https:\/\/iuzb.de\/index.php?rest_route=\/wp\/v2\/posts\/13134\/revisions"}],"predecessor-version":[{"id":13138,"href":"https:\/\/iuzb.de\/index.php?rest_route=\/wp\/v2\/posts\/13134\/revisions\/13138"}],"wp:attachment":[{"href":"https:\/\/iuzb.de\/index.php?rest_route=%2Fwp%2Fv2%2Fmedia&parent=13134"}],"wp:term":[{"taxonomy":"category","embeddable":true,"href":"https:\/\/iuzb.de\/index.php?rest_route=%2Fwp%2Fv2%2Fcategories&post=13134"},{"taxonomy":"post_tag","embeddable":true,"href":"https:\/\/iuzb.de\/index.php?rest_route=%2Fwp%2Fv2%2Ftags&post=13134"}],"curies":[{"name":"wp","href":"https:\/\/api.w.org\/{rel}","templated":true}]}}