{"id":13082,"date":"2015-02-12T16:27:27","date_gmt":"2015-02-12T15:27:27","guid":{"rendered":"http:\/\/iuzb.de\/?p=13082"},"modified":"2016-11-15T13:46:53","modified_gmt":"2016-11-15T12:46:53","slug":"bsg-erklaert-einhaltung-der-spiegelbildlichen-ausschussbesetzungen-in-selbstverwaltungskoerperschaften-als-eine-pflicht","status":"publish","type":"post","link":"https:\/\/iuzb.de\/?p=13082","title":{"rendered":"BSG erkl\u00e4rt Einhaltung der spiegelbildlichen Ausschussbesetzungen in Selbstverwaltungsk\u00f6rperschaften als eine Pflicht &#8211; Teil I"},"content":{"rendered":"<p style=\"text-align: justify;\">Bundessozialgericht: Terminbericht Nr. <a href=\"http:\/\/juris.bundessozialgericht.de\/cgi-bin\/rechtsprechung\/document.py?Gericht=bsg&amp;Art=tm&amp;Datum=2015&amp;nr=13731\" target=\"_blank\">2\/15<\/a> vom 12.02.2015 zu Az &#8211; B 6 KA 4\/14 R &#8211;<\/p>\n<blockquote>\n<p style=\"text-align: justify;\">&#8230; Im \u00dcbrigen hat das SG den Wahlvorgang zutreffend beurteilt.<\/p>\n<p style=\"text-align: justify;\">Die Wahl der Mitglieder des Haupt\u2011, Finanz- und Satzungsausschusses stimmte nicht mit der damals geltenden Fassung der Satzung der beigeladenen KZ\u00c4V \u00fcberein, wonach die Fraktionen bei der Besetzung der Aussch\u00fcsse &#8222;angemessen zu ber\u00fccksichtigen&#8220; waren. Der Begriff der &#8222;Angemessenheit&#8220; ist dahingehend zu verstehen, dass die Fraktionen entsprechend der St\u00e4rke ihrer Mitgliederzahl in der beklagten VV zu ber\u00fccksichtigen sind.<\/p>\n<p style=\"text-align: justify;\"><strong>Der Grundsatz der &#8222;Spiegelbildlichkeit&#8220; der Zusammensetzung von Aussch\u00fcssen im Verh\u00e4ltnis zum Plenum, wurde f\u00fcr die Aussch\u00fcsse des Deutschen Bundestages entwickelt. Er findet im Grundsatz auf die Besetzung von gesetzlich nicht vorgeschriebenen Aussch\u00fcssen der Selbstverwaltungsorgane von KZ\u00c4Ven Anwendung.<\/strong><\/p>\n<p style=\"text-align: justify;\">Dabei gelten Modifikationen, die die K\u00f6rperschaft im Rahmen ihrer Satzungsautonomie in zul\u00e4ssiger Weise vorgenommen hat. Eine \u00fcber eine Minimalrepr\u00e4sentanz hinausgehende angemessene Beteiligung aller Fraktionen an der Arbeit der Aussch\u00fcsse muss dabei gew\u00e4hrleistet sein. Die Wahlfreiheit der Mitglieder der VV steht dem nicht entgegen.<\/p>\n<p style=\"text-align: justify;\"><strong>Die Mehrheit der beklagten VV k\u00f6nnte ansonsten auch alle Ausschusssitze mit ihren Mitgliedern besetzen, was zur Folge h\u00e4tte, dass Minderheitsfraktionen nicht an der Vorbereitung der Beschl\u00fcsse in den Aussch\u00fcssen beteiligt w\u00e4ren. Das ist mit den gleichen Rechten aller Mitglieder der VV aus ihrer Wahl nicht vereinbar.<\/strong><\/p>\n<\/blockquote>\n<p>Vorgeschichte:<\/p>\n<ul>\n<li>04.02.2015: <a href=\"http:\/\/www.iuzb.org\/wordpress\/?p=10850\" target=\"_blank\">BSG \u2013 VV der KZV Westfalen-Lippe: Spiegelbildlichkeitsfrage wird am 11.02.2015 verhandelt<\/a><\/li>\n<li>26.01.2014: <a href=\"https:\/\/iuzb.de\/?p=13084\" target=\"_blank\">Sozialgericht M\u00fcnster: Aussch\u00fcsse in der KZV Westfalen-Lippe m\u00fcssen spiegelbildlich besetzt werden<\/a><\/li>\n<\/ul>\n<p>&nbsp;<\/p>\n<p>&nbsp;<\/p>\n","protected":false},"excerpt":{"rendered":"<p>Bundessozialgericht: Terminbericht Nr. 2\/15 vom 12.02.2015 zu Az &#8211; B 6 KA 4\/14 R &#8211; &#8230; Im \u00dcbrigen hat das SG den Wahlvorgang zutreffend beurteilt. Die Wahl der Mitglieder des [&#8230;]<\/p>\n","protected":false},"author":13,"featured_media":0,"comment_status":"closed","ping_status":"open","sticky":false,"template":"","format":"standard","meta":{"ngg_post_thumbnail":0,"iawp_total_views":0,"footnotes":""},"categories":[80,68,81],"tags":[],"class_list":["post-13082","post","type-post","status-publish","format-standard","hentry","category-bsg","category-recht","category-spiegelbildlichkeit"],"_links":{"self":[{"href":"https:\/\/iuzb.de\/index.php?rest_route=\/wp\/v2\/posts\/13082","targetHints":{"allow":["GET"]}}],"collection":[{"href":"https:\/\/iuzb.de\/index.php?rest_route=\/wp\/v2\/posts"}],"about":[{"href":"https:\/\/iuzb.de\/index.php?rest_route=\/wp\/v2\/types\/post"}],"author":[{"embeddable":true,"href":"https:\/\/iuzb.de\/index.php?rest_route=\/wp\/v2\/users\/13"}],"replies":[{"embeddable":true,"href":"https:\/\/iuzb.de\/index.php?rest_route=%2Fwp%2Fv2%2Fcomments&post=13082"}],"version-history":[{"count":3,"href":"https:\/\/iuzb.de\/index.php?rest_route=\/wp\/v2\/posts\/13082\/revisions"}],"predecessor-version":[{"id":15836,"href":"https:\/\/iuzb.de\/index.php?rest_route=\/wp\/v2\/posts\/13082\/revisions\/15836"}],"wp:attachment":[{"href":"https:\/\/iuzb.de\/index.php?rest_route=%2Fwp%2Fv2%2Fmedia&parent=13082"}],"wp:term":[{"taxonomy":"category","embeddable":true,"href":"https:\/\/iuzb.de\/index.php?rest_route=%2Fwp%2Fv2%2Fcategories&post=13082"},{"taxonomy":"post_tag","embeddable":true,"href":"https:\/\/iuzb.de\/index.php?rest_route=%2Fwp%2Fv2%2Ftags&post=13082"}],"curies":[{"name":"wp","href":"https:\/\/api.w.org\/{rel}","templated":true}]}}