{"id":130,"date":"2008-10-16T22:15:16","date_gmt":"2008-10-16T20:15:16","guid":{"rendered":"http:\/\/www.iuzb.org\/wordpress\/?p=130"},"modified":"2016-11-30T18:30:46","modified_gmt":"2016-11-30T17:30:46","slug":"uber-einen-notdienst-und-ein-machtzentrum","status":"publish","type":"post","link":"https:\/\/iuzb.de\/?p=130","title":{"rendered":"\u00dcber einen Notdienst und ein Machtzentrum"},"content":{"rendered":"<p><span style=\"color: white;\">.<\/span><\/p>\n<p><strong>Notdienst, Notdienst und kein Ende?<\/strong><br \/>\n<span style=\"color: gray;\"><strong><em>&#8211; Verzichtet KZV Vorstand in einem Einzelfall auf R\u00fcckforderung von ca. 410.000,00 \u20ac?<\/em><br \/>\n<em>&#8211; Gemeinsame Erkl\u00e4rung von BUZ und IUZB<\/em><br \/>\n<\/strong><\/span>Special:<br \/>\n<em><span style=\"color: gray;\"><strong>&#8211; Der Verband der Zahn\u00e4rzte von Berlin und sein Machtzentrum<\/strong><\/span><\/em><\/p>\n<p><strong><em><span style=\"color: white;\">.<\/span><\/em><\/strong><\/p>\n<p>Es ist uns ja beinahe schon unangenehm, Sie erneut auf dieses Thema hinzuweisen. Aber neben einem Vorgang, den man insgesamt einfach nur als \u201eSkandal\u201c bezeichnen kann, geht es nunmehr auch um ca.<\/p>\n<p style=\"padding-left: 30px;\"><a title=\"IUZB: Herr Dr. Pochhammers Sicht der Dinge und ca. 410.000 \u20ac, die uns nicht belasten\" href=\"http:\/\/www.iuzb.de\/?p=65\" target=\"_blank\">410.000,00 \u20ac<\/a><\/p>\n<p>an Geldern der Kollegenschaft und zwar alleine betreffend nur f\u00fcr die Quartale von 04\/2006 &#8211; 04\/2007.<\/p>\n<p>Denn ganz offensichtlich will der Vorstand der KZV Berlin auf die R\u00fcckforderung dieser Summe<\/p>\n<p style=\"padding-left: 30px;\">von der Vivantes GmbH<br \/>\nbzw. den Betreiber des zahn\u00e4rztlichen Nachtnotfalldienstes auf dem Gel\u00e4nde des Krankenhauses am Friedrichshain,<br \/>\nHerrn Dr. Meyer ( <a title=\"Website KZV\" href=\"http:\/\/www.kzv-berlin.de\/cms\/index.php?id=17\" target=\"_blank\">Pressesprecher<\/a> der KZV Berlin und <a title=\"Website Versorgungswerk \/ VZB\" href=\"http:\/\/www.vzberlin.org\/_DasVZB\/Ansprechpartner\/VA.htm\" target=\"_blank\">stellv. Vorsitzender<\/a> des Aufsichtsausschusses des Versorgungswerkes und<br \/>\n<a title=\"Website Verband der Zahn\u00e4rzte von Berlin\" href=\"http:\/\/www.zahnaerzteverband-berlin.de\/dv.php\" target=\"_blank\">stellv. Vorsitzender<\/a> des Verbandes der Zahn\u00e4rzte von Berlin e. V. ),<\/p>\n<p>verzichten.<\/p>\n<p>Und dies, obwohl die Rechtssprechung des Bundessozialgerichtes in derartigen Fallgestaltungen eindeutig ist.<\/p>\n<p>Bitte lesen Sie unsere gemeinsam mit BUZ verfasste Information:<\/p>\n<p style=\"padding-left: 30px;\"><a href=\"http:\/\/www.iuzb.de\/?p=127\" target=\"_blank\">Nachtnotfalldienst am Friedrichshain &#8211; BUZ und IUZB informieren<\/a><a href=\"http:\/\/www.iuzb.org\/assets\/applets\/Notdienst_Wahlschreiben_BUZ-IUZB.pdf\" target=\"_blank\"><br \/>\n<\/a><\/p>\n<p><span style=\"color: white;\">.<\/span><\/p>\n<p><span style=\"color: white;\">.<\/span><\/p>\n<p><span style=\"text-decoration: underline;\"><span style=\"color: black;\">Der Verband der Zahn\u00e4rzte von Berlin und sein Machtzentrum:<\/span><\/span><\/p>\n<ul>\n<li>Die oben genannten Herren Dr. Husemann, Dr. Pochhammer und Dr. Meyer kandidieren bei der kommenden Kammerwahl allesamt auf der Wahlliste 3 &#8211; Verband der Zahn\u00e4rzte von Berlin.<\/li>\n<li>Der innere Machtzirkel dieses Vereins besteht nach unserer Einsch\u00e4tzung aus den Herren <a title=\"Website KZV Berlin\" href=\"http:\/\/www.kzv-berlin.de\/cms\/index.php?id=3\" target=\"_blank\">Husemann &amp; Pochhammer<\/a>, sowie als Nachr\u00fccker insbesondere aus dem Dreigespann <a title=\"Website KZV Berlin, Pressestelle\" href=\"http:\/\/www.kzv-berlin.de\/cms\/index.php?id=17\" target=\"_blank\">Meyer<\/a>, <a title=\"Website Versorgungswerk \/ Verwaltungsausschuss\" href=\"http:\/\/www.vzberlin.org\/_DasVZB\/Ansprechpartner\/VA.htm\" target=\"_blank\">Rellermeier<\/a> &amp; <a title=\"Website Z\u00c4K Berlin, Vorstand\" href=\"http:\/\/www.zaek-berlin.de\/kammer\/vorstand-und-geschaeftsfuehrung.html\" target=\"_blank\">Heegewaldt<\/a>.<\/li>\n<li>Dieses Machtzentrum hat sich in allen unseren allen drei K\u00f6rperschaften erfolgreich festgesetzt:<br \/>\n&#8211; Husemann &amp; Pochhammer mit hauptamtlichen Vertr\u00e4gen in der KZV.<br \/>\n&#8211; Meyer in der KZV und im Versorgungswerk, Rellermeier im Versorgungswerk und Heegewaldt in der Zahn\u00e4rztekammer.<\/li>\n<li>Bitte verhindern Sie, dass sich dieses Konsortium weiterhin Sitz und Stimme in der Delegiertenversammlung unserer Zahn\u00e4rztekammer sichert.<\/li>\n<li>Der <a title=\"Website VdZvB\" href=\"http:\/\/www.zahnaerzteverband-berlin.de\/\" target=\"_blank\">Verband der Zahn\u00e4rzte von Berlin<\/a> ist nicht einmal mehr ein Schatten seiner selbst.<br \/>\nZahlreiche ehemalige Spitzenfunktion\u00e4re haben diesen Verein l\u00e4ngst verlassen. Entweder freiwillig oder sie wurden erfolgreich rausgeekelt<br \/>\nUnd wer nicht von selbst gegangen ist, wurde rausgeworfen.<\/li>\n<li>Bitte w\u00e4hlen Sie dieses System Husemann &amp; Konsortium ab.<\/li>\n<li>Bitte w\u00e4hlen Sie ebenso die ganzen Abnicker ab. Also die willigen Helferlein Schmiedel, <a title=\"Website LV Berlin des FVDZ\" href=\"http:\/\/www.fvdz.de\/fv\/wwwlv.nsf\/d\/h_bln\" target=\"_blank\">Geist &amp; Gromball vom FVDZ<\/a> und so weiter.<\/li>\n<li><span style=\"color: gray;\"><strong>Bitte !<\/strong><\/span> Sorgen Sie mit Ihrer Stimme daf\u00fcr, dass ausgehend von der neuen Delegiertenversammlung nicht nur die Erneuerung der Kammer, sondern auch die Erneuerung unserer KZV und unseres Versorgungswerkes eingeleitet werden kann.<span style=\"color: #ffffff;\">.<\/span><\/li>\n<\/ul>\n<p><span style=\"color: #ffffff;\">.<\/span><\/p>\n<p>Wir sind bereit, im Vorstand unserer Berliner Zahn\u00e4rztekammer die Verantwortung zu \u00fcbernehmen.<\/p>\n<p>Wir sind bereit, im Vorstand die f\u00e4higsten K\u00f6pfe, auch aus anderen befreundeten Wahllisten, zu b\u00fcndeln.<\/p>\n<p>Ihre<\/p>\n<p><strong><em>IUZB<\/em><\/strong> &#8211; Wir sind bereit !<\/p>\n<p><span style=\"color: white;\">.<\/span><\/p>\n<p style=\"padding-left: 30px;\"><strong>Selbst<span style=\"color: red;\">verwaltung<\/span><\/strong> kommt nicht von <strong>selbst<\/strong> &#8211; <a title=\"IUZB Wahlaufruf\" href=\"http:\/\/www.iuzb.org\/wordpress\/?p=29\" target=\"_blank\">Bitte w\u00e4hlen Sie !<\/a><\/p>\n<p><span style=\"color: white;\">.<\/span><\/p>\n<p><span style=\"color: white;\">.<\/span><\/p>\n","protected":false},"excerpt":{"rendered":"<p>. Notdienst, Notdienst und kein Ende? &#8211; Verzichtet KZV Vorstand in einem Einzelfall auf R\u00fcckforderung von ca. 410.000,00 \u20ac? &#8211; Gemeinsame Erkl\u00e4rung von BUZ und IUZB Special: &#8211; Der Verband [&#8230;]<\/p>\n","protected":false},"author":13,"featured_media":0,"comment_status":"open","ping_status":"open","sticky":false,"template":"","format":"standard","meta":{"ngg_post_thumbnail":0,"iawp_total_views":5,"footnotes":""},"categories":[45,128,95],"tags":[],"class_list":["post-130","post","type-post","status-publish","format-standard","hentry","category-kzv-berlin","category-nachtnofalldienstskandal","category-vdzvb"],"_links":{"self":[{"href":"https:\/\/iuzb.de\/index.php?rest_route=\/wp\/v2\/posts\/130","targetHints":{"allow":["GET"]}}],"collection":[{"href":"https:\/\/iuzb.de\/index.php?rest_route=\/wp\/v2\/posts"}],"about":[{"href":"https:\/\/iuzb.de\/index.php?rest_route=\/wp\/v2\/types\/post"}],"author":[{"embeddable":true,"href":"https:\/\/iuzb.de\/index.php?rest_route=\/wp\/v2\/users\/13"}],"replies":[{"embeddable":true,"href":"https:\/\/iuzb.de\/index.php?rest_route=%2Fwp%2Fv2%2Fcomments&post=130"}],"version-history":[{"count":3,"href":"https:\/\/iuzb.de\/index.php?rest_route=\/wp\/v2\/posts\/130\/revisions"}],"predecessor-version":[{"id":17186,"href":"https:\/\/iuzb.de\/index.php?rest_route=\/wp\/v2\/posts\/130\/revisions\/17186"}],"wp:attachment":[{"href":"https:\/\/iuzb.de\/index.php?rest_route=%2Fwp%2Fv2%2Fmedia&parent=130"}],"wp:term":[{"taxonomy":"category","embeddable":true,"href":"https:\/\/iuzb.de\/index.php?rest_route=%2Fwp%2Fv2%2Fcategories&post=130"},{"taxonomy":"post_tag","embeddable":true,"href":"https:\/\/iuzb.de\/index.php?rest_route=%2Fwp%2Fv2%2Ftags&post=130"}],"curies":[{"name":"wp","href":"https:\/\/api.w.org\/{rel}","templated":true}]}}