{"id":12810,"date":"2016-10-20T08:13:24","date_gmt":"2016-10-20T06:13:24","guid":{"rendered":"http:\/\/iuzb.de\/?p=12810"},"modified":"2016-12-09T15:16:43","modified_gmt":"2016-12-09T14:16:43","slug":"sz-eu-parlamentarier-wollen-amalgam-weitgehend-verbieten","status":"publish","type":"post","link":"https:\/\/iuzb.de\/?p=12810","title":{"rendered":"SZ: EU-Parlamentarier wollen Amalgam weitgehend verbieten"},"content":{"rendered":"<p>S\u00fcddeutsche Zeitung, 19.10.2016:<\/p>\n<ul>\n<li><a href=\"http:\/\/www.sueddeutsche.de\/gesundheit\/zahnmedizin-eu-parlamentarier-wollen-amalgam-weitgehend-verbieten-1.3210724\" target=\"_blank\">EU-Parlamentarier wollen Amalgam weitgehend verbieten<\/a><\/li>\n<\/ul>\n<p>&nbsp;<\/p>\n<p><span style=\"text-decoration: underline;\">Weiterf\u00fchrender R\u00fcckblick:<\/span><\/p>\n<ul>\n<li><a href=\"http:\/\/www.dnr.de\/publikationen\/umwelt-aktuell\/\" target=\"_blank\">DNR<\/a> &#8211; Infodienst f\u00fcr europ\u00e4ische und deutsche Umweltpolitik, <a href=\"http:\/\/www.dnr.de\/publikationen\/umwelt-aktuell---archiv-2013\/112013\/index.html\" target=\"_blank\">11.2013<\/a>, Seite 9:<br \/>\n<a href=\"http:\/\/www.dnr.de\/downloads\/ua2013-11.pdf\" target=\"_blank\">Sollen Amalgamf\u00fcllungen verboten werden?<br \/>\n<\/a><span style=\"color: #ffffff;\">.<\/span><\/li>\n<li>a) <a href=\"http:\/\/ec.europa.eu\/health\/index_de.htm\" target=\"_blank\">Europ\u00e4ische Kommission, Gesundheitswesen<\/a>, Scientific Committees, <span class=\"date\">09. September &#8211; 16. November 2014:<br \/>\n<a href=\"http:\/\/ec.europa.eu\/health\/scientific_committees\/consultations\/public_consultations\/scenihr_consultation_24_en.htm\" target=\"_blank\">Final opinion on dental amalgam<br \/>\n<\/a><\/span><span style=\"color: #ffffff;\">.<\/span><br \/>\nb) Scientific Committee on Health and Environmental Risks &#8211; SCHER:<br \/>\n<a href=\"http:\/\/ec.europa.eu\/health\/scientific_committees\/environmental_risks\/docs\/scher_o_165.pdf\" target=\"_blank\">Opinion on the environmental risks and indirect health effects of mercury from dental amalgam (update 10. March 2014)<\/a><\/li>\n<\/ul>\n","protected":false},"excerpt":{"rendered":"<p>S\u00fcddeutsche Zeitung, 19.10.2016: EU-Parlamentarier wollen Amalgam weitgehend verbieten &nbsp; Weiterf\u00fchrender R\u00fcckblick: DNR &#8211; Infodienst f\u00fcr europ\u00e4ische und deutsche Umweltpolitik, 11.2013, Seite 9: Sollen Amalgamf\u00fcllungen verboten werden? . a) Europ\u00e4ische Kommission, [&#8230;]<\/p>\n","protected":false},"author":13,"featured_media":0,"comment_status":"closed","ping_status":"open","sticky":false,"template":"","format":"standard","meta":{"ngg_post_thumbnail":0,"iawp_total_views":1,"footnotes":""},"categories":[216],"tags":[],"class_list":["post-12810","post","type-post","status-publish","format-standard","hentry","category-amalgam"],"_links":{"self":[{"href":"https:\/\/iuzb.de\/index.php?rest_route=\/wp\/v2\/posts\/12810","targetHints":{"allow":["GET"]}}],"collection":[{"href":"https:\/\/iuzb.de\/index.php?rest_route=\/wp\/v2\/posts"}],"about":[{"href":"https:\/\/iuzb.de\/index.php?rest_route=\/wp\/v2\/types\/post"}],"author":[{"embeddable":true,"href":"https:\/\/iuzb.de\/index.php?rest_route=\/wp\/v2\/users\/13"}],"replies":[{"embeddable":true,"href":"https:\/\/iuzb.de\/index.php?rest_route=%2Fwp%2Fv2%2Fcomments&post=12810"}],"version-history":[{"count":1,"href":"https:\/\/iuzb.de\/index.php?rest_route=\/wp\/v2\/posts\/12810\/revisions"}],"predecessor-version":[{"id":12811,"href":"https:\/\/iuzb.de\/index.php?rest_route=\/wp\/v2\/posts\/12810\/revisions\/12811"}],"wp:attachment":[{"href":"https:\/\/iuzb.de\/index.php?rest_route=%2Fwp%2Fv2%2Fmedia&parent=12810"}],"wp:term":[{"taxonomy":"category","embeddable":true,"href":"https:\/\/iuzb.de\/index.php?rest_route=%2Fwp%2Fv2%2Fcategories&post=12810"},{"taxonomy":"post_tag","embeddable":true,"href":"https:\/\/iuzb.de\/index.php?rest_route=%2Fwp%2Fv2%2Ftags&post=12810"}],"curies":[{"name":"wp","href":"https:\/\/api.w.org\/{rel}","templated":true}]}}