{"id":12782,"date":"2015-09-11T11:50:57","date_gmt":"2015-09-11T10:50:57","guid":{"rendered":"http:\/\/www.iuzb.org\/wordpress\/?p=12782"},"modified":"2016-11-09T08:29:11","modified_gmt":"2016-11-09T07:29:11","slug":"fluechtlingshilfe-resolution-der-vertreterversammlung-der-kv-berlin","status":"publish","type":"post","link":"https:\/\/iuzb.de\/?p=12782","title":{"rendered":"Fl\u00fcchtlingshilfe: Resolution der Vertreterversammlung der KV Berlin"},"content":{"rendered":"<p style=\"text-align: justify;\"><strong>Resolution der Vertreterversammlung der KV Berlin vom 10. September 2015:<\/strong><\/p>\n<p style=\"text-align: justify;\">Viele Kollegen sind Kinder oder Enkel von Fl\u00fcchtlingen oder sind selbst Fl\u00fcchtling gewesen.<\/p>\n<p style=\"text-align: justify;\">Die Parole der Franz\u00f6sischen Revolution \u201eFreiheit, Gleichheit, Br\u00fcderlichkeit\u201c m\u00fcndete in den Gedanken der Europ\u00e4ischen Union von Solidarit\u00e4t und Hilfe.<\/p>\n<p style=\"text-align: justify;\">Die gro\u00dfen Fl\u00fcchtlingsstr\u00f6me des 20. Jahrhunderts haben den V\u00f6lkern, die damals Fl\u00fcchtlinge aufnahmen, immer Chancen gegeben, die Gesellschaft zum Positiven zu ver\u00e4ndern. Viele deutsche Pers\u00f6nlichkeiten wie beispielsweise Bertolt Brecht, Sebastian Haffner oder Erich Maria Remarque mussten aufgrund der Diktatur der Nationalsozialisten ihre Heimat verlassen.<\/p>\n<p style=\"text-align: justify;\">Die Chancen, die Fl\u00fcchtlinge mitbringen, sind deutlich in den Vordergrund zu stellen, anstatt immer wieder die kurzfristigen Belastungen anzuprangern.<\/p>\n<p style=\"text-align: justify;\">Die besondere Geschichte Berlins verdeutlicht, wie wichtig Engagement und Solidarit\u00e4t eines jeden Einzelnen ist und wie sehr alle davon profitieren.<\/p>\n<p style=\"text-align: justify;\">\u00c4rztliche Versorgung ist ein Menschenrecht. Die Vertreterversammlung fordert daher alle Berliner \u00c4rzte auf, sich \u00a0weiterhin an der medizinischen Versorgung von Fl\u00fcchtlingen zu beteiligen. Helfen Sie unb\u00fcrokratisch und schnell, damit sich die Menschen in unserer Stadt auch durch Sie willkommen und angenommen f\u00fchlen.<\/p>\n<p style=\"text-align: justify;\">Gleichzeitig danken wir allen Helfern f\u00fcr ihr gro\u00dfartiges Engagement.<\/p>\n<p><span style=\"color: #ffffff;\">.<\/span><\/p>\n<p><span style=\"color: #ffffff;\">.<\/span><\/p>\n<p><span style=\"color: #ffffff;\">.<\/span><\/p>\n","protected":false},"excerpt":{"rendered":"<p>Resolution der Vertreterversammlung der KV Berlin vom 10. September 2015: Viele Kollegen sind Kinder oder Enkel von Fl\u00fcchtlingen oder sind selbst Fl\u00fcchtling gewesen. Die Parole der Franz\u00f6sischen Revolution \u201eFreiheit, Gleichheit, [&#8230;]<\/p>\n","protected":false},"author":13,"featured_media":0,"comment_status":"closed","ping_status":"closed","sticky":false,"template":"","format":"standard","meta":{"ngg_post_thumbnail":0,"iawp_total_views":1,"footnotes":""},"categories":[120],"tags":[],"class_list":["post-12782","post","type-post","status-publish","format-standard","hentry","category-kv-berlin"],"_links":{"self":[{"href":"https:\/\/iuzb.de\/index.php?rest_route=\/wp\/v2\/posts\/12782","targetHints":{"allow":["GET"]}}],"collection":[{"href":"https:\/\/iuzb.de\/index.php?rest_route=\/wp\/v2\/posts"}],"about":[{"href":"https:\/\/iuzb.de\/index.php?rest_route=\/wp\/v2\/types\/post"}],"author":[{"embeddable":true,"href":"https:\/\/iuzb.de\/index.php?rest_route=\/wp\/v2\/users\/13"}],"replies":[{"embeddable":true,"href":"https:\/\/iuzb.de\/index.php?rest_route=%2Fwp%2Fv2%2Fcomments&post=12782"}],"version-history":[{"count":1,"href":"https:\/\/iuzb.de\/index.php?rest_route=\/wp\/v2\/posts\/12782\/revisions"}],"predecessor-version":[{"id":14986,"href":"https:\/\/iuzb.de\/index.php?rest_route=\/wp\/v2\/posts\/12782\/revisions\/14986"}],"wp:attachment":[{"href":"https:\/\/iuzb.de\/index.php?rest_route=%2Fwp%2Fv2%2Fmedia&parent=12782"}],"wp:term":[{"taxonomy":"category","embeddable":true,"href":"https:\/\/iuzb.de\/index.php?rest_route=%2Fwp%2Fv2%2Fcategories&post=12782"},{"taxonomy":"post_tag","embeddable":true,"href":"https:\/\/iuzb.de\/index.php?rest_route=%2Fwp%2Fv2%2Ftags&post=12782"}],"curies":[{"name":"wp","href":"https:\/\/api.w.org\/{rel}","templated":true}]}}