{"id":12739,"date":"2015-09-08T16:02:49","date_gmt":"2015-09-08T15:02:49","guid":{"rendered":"http:\/\/www.iuzb.org\/wordpress\/?p=12739"},"modified":"2016-11-19T21:45:18","modified_gmt":"2016-11-19T20:45:18","slug":"fluechtlingshilfe-tagesbericht-aus-moabit-von-herrn-gneist-vom-08-09-2015-raum-fuer-zae-steht-jetzt-zur-verfuegung","status":"publish","type":"post","link":"https:\/\/iuzb.de\/?p=12739","title":{"rendered":"Fl\u00fcchtlingshilfe: Tagesbericht aus Moabit von Zahnarzt Gerhard Gneist vom 08.09.2015"},"content":{"rendered":"<p>Heute, von 08.45 Uhr &#8211; 10.15 Uhr, fand eine Besprechung auf dem Gel\u00e4nde, des LaGeSo in der <a href=\"https:\/\/www.google.de\/maps\/place\/Turmstra%C3%9Fe+21,+10559+Berlin\/@52.5264629,13.3481716,17z\/data=!3m1!4b1!4m2!3m1!1s0x47a8510a9927bddb:0xd42e665a32c414c4\" target=\"_blank\">Turmstra\u00dfe<\/a>, statt.<\/p>\n<p>Teilnehmer waren Vertreter\/Innen von: LaGeSo, Vivantes, Die Johanniter, Gegenbauer, Polizei, ein \u00c4rztevertreter, Moabit hilft und ich.<\/p>\n<p>Die Polizei hat 5 Polizisten entsandt, die Konflikte entsch\u00e4rfen sollen, die zwischen dem Sicherheitsdienst und den Fl\u00fcchtlingen entstehen k\u00f6nnten. Die Polizisten tragen keine Uniform, sondern eine gelbe &#8222;Weste&#8220;, auf der LaGeSo steht.<\/p>\n<ul>\n<li><strong>Bei Problemen k\u00f6nnen wir uns an die Polizisten wenden. Sie sind f\u00fcr 3-6 Monate abgestellt.<\/strong><\/li>\n<\/ul>\n<p>Es wurden die M\u00fcllberge bem\u00e4ngelt, die nicht zeitnah beseitigt werden.<\/p>\n<p>Ab sofort sollen Fl\u00fcchtlinge, die nach 18.00 Uhr in Berlin ankommen, mit Bussen in Fl\u00fcchtlingsheime gebracht und auch dort registriert werden. Heute Morgen war der Gehweg vor dem LaGeSo noch voll mit Fl\u00fcchtlingen, die dort \u00fcbernachtet haben.<\/p>\n<ul>\n<li><strong>Ich hatte die M\u00f6glichkeit mir die R\u00e4ume anzusehen, die den Zahn\u00e4rzten als Behandlungsr\u00e4ume zur Verf\u00fcgung gestellt worden sind. Es handelt sich um die ehemaligen R\u00e4ume der Strahlenabteilung des Krankenhauses. Sie sind fensterlos und befinden sich in ung\u00fcnstig gro\u00dfer Entfernung zur medizinischen Station der \u00c4rzte im Haus C, siehe Fotos.<\/strong><\/li>\n<li><strong>Wie in unseren Bericht vom <a href=\"https:\/\/iuzb.de\/?p=15005\" target=\"_blank\">05.09.2015<\/a> bereits erw\u00e4hnt, ist auch das f\u00fcr eine \u00dcbergangsl\u00f6sung zur Verf\u00fcgung gestellte Zelt eher ungeeignet, da abends die Tragluft abgelassen wird und es nicht abschlie\u00dfbar ist.<\/strong><\/li>\n<li><strong>Von den drei zur Verf\u00fcgung gestellten Untersuchungsst\u00fchlen soll heute einer nach Moabit gebracht werden.<\/strong><\/li>\n<\/ul>\n<p>Die verantwortliche Mitarbeiterin des LaGeSo hatte keine zuverl\u00e4ssigen Informationen dar\u00fcber, ob die Registrierungsstelle f\u00fcr die Fl\u00fcchtlinge in der Turmstra\u00dfe <a href=\"http:\/\/www.iuzb.org\/wordpress\/?p=12721\" target=\"_blank\">verbleibt<\/a>. Sicher ist nur, dass eine <a href=\"http:\/\/www.bz-berlin.de\/berlin\/charlottenburg-wilmersdorf\/senat-plant-in-ex-landesbank-neues-landesamt-fuer-fluechtlinge\" target=\"_blank\">neue Registrierungsstelle<\/a> in den R\u00e4umen des ehemaligen Sparkassengeb\u00e4udes in der Bundesallee eingerichtet wird.<\/p>\n<p>Gerhard Gneist<\/p>\n<p><span style=\"color: #ffffff;\">.<\/span><\/p>\n<p><span style=\"color: #000000;\">ngg_shortcode_0_placeholder<\/span><\/p>\n","protected":false},"excerpt":{"rendered":"<p>Heute, von 08.45 Uhr &#8211; 10.15 Uhr, fand eine Besprechung auf dem Gel\u00e4nde, des LaGeSo in der Turmstra\u00dfe, statt. Teilnehmer waren Vertreter\/Innen von: LaGeSo, Vivantes, Die Johanniter, Gegenbauer, Polizei, ein [&#8230;]<\/p>\n","protected":false},"author":13,"featured_media":0,"comment_status":"open","ping_status":"open","sticky":false,"template":"","format":"standard","meta":{"ngg_post_thumbnail":0,"iawp_total_views":1,"footnotes":""},"categories":[165],"tags":[],"class_list":["post-12739","post","type-post","status-publish","format-standard","hentry","category-fluechtlingshilfe"],"_links":{"self":[{"href":"https:\/\/iuzb.de\/index.php?rest_route=\/wp\/v2\/posts\/12739","targetHints":{"allow":["GET"]}}],"collection":[{"href":"https:\/\/iuzb.de\/index.php?rest_route=\/wp\/v2\/posts"}],"about":[{"href":"https:\/\/iuzb.de\/index.php?rest_route=\/wp\/v2\/types\/post"}],"author":[{"embeddable":true,"href":"https:\/\/iuzb.de\/index.php?rest_route=\/wp\/v2\/users\/13"}],"replies":[{"embeddable":true,"href":"https:\/\/iuzb.de\/index.php?rest_route=%2Fwp%2Fv2%2Fcomments&post=12739"}],"version-history":[{"count":2,"href":"https:\/\/iuzb.de\/index.php?rest_route=\/wp\/v2\/posts\/12739\/revisions"}],"predecessor-version":[{"id":16221,"href":"https:\/\/iuzb.de\/index.php?rest_route=\/wp\/v2\/posts\/12739\/revisions\/16221"}],"wp:attachment":[{"href":"https:\/\/iuzb.de\/index.php?rest_route=%2Fwp%2Fv2%2Fmedia&parent=12739"}],"wp:term":[{"taxonomy":"category","embeddable":true,"href":"https:\/\/iuzb.de\/index.php?rest_route=%2Fwp%2Fv2%2Fcategories&post=12739"},{"taxonomy":"post_tag","embeddable":true,"href":"https:\/\/iuzb.de\/index.php?rest_route=%2Fwp%2Fv2%2Ftags&post=12739"}],"curies":[{"name":"wp","href":"https:\/\/api.w.org\/{rel}","templated":true}]}}