{"id":12725,"date":"2015-09-08T13:26:17","date_gmt":"2015-09-08T12:26:17","guid":{"rendered":"http:\/\/www.iuzb.org\/wordpress\/?p=12725"},"modified":"2023-04-05T23:11:26","modified_gmt":"2023-04-05T21:11:26","slug":"update-aufruf-zur-zahnaerztlichen-fluechtlingshilfe-dienstplan-fuer-zahnaerztliche-hilfe","status":"publish","type":"post","link":"https:\/\/iuzb.de\/?p=12725","title":{"rendered":"Update: AUFRUF zur zahn\u00e4rztlichen Fl\u00fcchtlingshilfe \u2013 Dienstplan f\u00fcr zahn\u00e4rztliche Hilfe"},"content":{"rendered":"<p>Hiermit erg\u00e4nzen wir unseren <a href=\"https:\/\/iuzb.de\/?p=12587\" target=\"_blank\" rel=\"noopener\">Aufruf<\/a> vom 26. August 2015 wie folgt:<\/p>\n<ul>\n<li>Die Zahn\u00e4rztekammer Berlin hat unter F\u00fchrung ihres Pr\u00e4sidenten Herrn Dr. Wolfgang Schmiedel am <a href=\"http:\/\/www.zaek-berlin.de\/presse\/pressearchiv\/presse-detail\/article\/4\/berliner-zahnaerztinnen-und-zahnaerzte-organisieren-zahnmedizinische-behandlung-vor-ort-1.html\" target=\"_blank\" rel=\"noopener\">03.09.2015<\/a> die Koordination der Fl\u00fcchtlingshilfe \u00fcbernommen.<\/li>\n<li>Die Zahn\u00e4rztekammer Berlin hat <a href=\"http:\/\/www.zaek-berlin.de\/zahnaerzte\/fluechtlingshilfe.html\" target=\"_blank\" rel=\"noopener\">heute<\/a> erneut zur zahn\u00e4rztlichen Mitarbeit, sowie zu Geld- und Sachspenden aufgerufen.<br \/>\nSpendenkonto &#8222;Fl\u00fcchtlingshilfe&#8220; der Zahn\u00e4rztekammer Berlin<br \/>\nDeutschen Apotheker- und \u00c4rztebank<br \/>\nIBAN: DE71 3006 0601 0401 2462 67<br \/>\nBIC: DAAEDEDDXXX<br \/>\nAu\u00dferdem hat die Kammer einen eigenen <a href=\"http:\/\/www.zaek-berlin.de\/zahnaerzte\/fluechtlingshilfe.html\" target=\"_blank\" rel=\"noopener\">Bereich<\/a> f\u00fcr die zahn\u00e4rztliche Fl\u00fcchtlingshilfe eingerichtet.<\/li>\n<li><a href=\"https:\/\/iuzb.de\/?p=15002\" target=\"_blank\" rel=\"noopener\">Hier<\/a> finden Sie unseren Bericht vom Koordinierungsgespr\u00e4ch am Runden-Kammertisch vom 03.09.2015. Beschlossen wurde bei diesem Gespr\u00e4ch auch, dass die zu diesem Zeitpunkt von Ersthelfern bereits eingef\u00fchrten Strukturen erhalten bleiben.<\/li>\n<\/ul>\n<p><span style=\"color: #ffffff;\">.<\/span><\/p>\n<p><strong><span style=\"font-size: 14pt;\">Wer sich als zahn\u00e4rztliche(r) Ersthelfer\/in vor Ort oder als Weiterbehandlungspraxis engagieren m\u00f6chte, m\u00f6ge sich bitte in den bestehenden <span style=\"text-decoration: underline;\">Online-Dienstplan<\/span> eintragen:<\/span><\/strong><\/p>\n<ul>\n<li>Kontaktliste Ersthelfer<\/li>\n<li>Kontaktliste Weiterbehandlungspraxen<\/li>\n<li>Dienstplan Standort Tiergarten\/Moabit &#8211; Ersthelfer <span style=\"text-decoration: underline;\">und<\/span> Weiterbehandungspraxen<\/li>\n<li>Dienstplan Standort Wilmersdorf &#8211; Ersthelfer <span style=\"text-decoration: underline;\">und<\/span> Weiterbehandlungspraxen<\/li>\n<\/ul>\n<p>Der Dienstplan ist \u00fcber eine Weiterleitung (auch) \u00fcber die einfache Buchstabenadresse IUZB.eu zu erreichen.<\/p>\n<p>Wenn Sie sich in den Dienstplan eingetragen haben, so nehmen Sie bitte direkt Kontakt mit bereits aktiven Ersthelfern auf. Es bieten sich an:<\/p>\n<ul>\n<li>Herr Dr. Peter Nachtweh f\u00fcr den Standort Wilmersdorf<\/li>\n<li>und die Herren Dr. Helmut Dohmeier-de Haan und Gerhard Gneist f\u00fcr den Standort Moabit.<\/li>\n<\/ul>\n<p>Deren Telefonnummern finden Sie in der Kontaktliste des Online-Dienstplan. Bitte halten Sie diesen Kontakt.<\/p>\n<ul>\n<li>Wir f\u00fchren f\u00fcr die aktiven Helfer\/Praxen einen eMail-Verteiler. Wer sich in den Dienstplan eintr\u00e4gt, wird automatisch in den Verteiler aufgenommen.<br \/>\nWer sich au\u00dferdem in diesen Verteiler eintragen lassen m\u00f6chte, m\u00f6ge mich bitte anschreiben: xxx.xxxxxx@iuzb.xxx<\/li>\n<li>Aktuelle Berichte und Informationen ver\u00f6ffentlichen wir au\u00dferdem hier auf diesem Portal unter der Kategorie &#8222;<a href=\"https:\/\/iuzb.de\/?cat=165\" target=\"_blank\" rel=\"noopener\">Fl\u00fcchtlingshilfe<\/a>&#8222;.<br \/>\nAndere Meldungen stellen wir derzeit zur\u00fcck.<\/li>\n<li><a href=\"https:\/\/iuzb.de\/?p=15006\" target=\"_blank\" rel=\"noopener\">Anamnesebogen zur Kommunikation mit den ausl\u00e4ndischen Patienten<\/a> und <a href=\"http:\/\/www.prodente.de\/uploads\/media\/sprachfuehrer_komplett.pdf\" target=\"_blank\" rel=\"noopener\">Dentaler Sprachf\u00fchrer<\/a><\/li>\n<li>Bitte beachten Sie au\u00dferdem die (Presse)Mitteilungen der Zahn\u00e4rztekammer Berlin und der KZV Berlin.<\/li>\n<li>Die derzeit ehrenamtlich aktiven Helfer\/innen wollen kein Parallelsystem aufbauen, sondern den K\u00f6rperschaften dabei helfen daf\u00fcr zu sorgen, dass die Fl\u00fcchtlinge im \u00f6ffentlichen Gesundheitssystem ankommen und auf den Weg dorthin nicht unter Zahnschmerzen leider m\u00fcssen.<\/li>\n<\/ul>\n<p><span style=\"color: #ffffff;\">.<\/span><\/p>\n<p>Herzliche Gr\u00fc\u00dfe<\/p>\n<p>xxxx<\/p>\n","protected":false},"excerpt":{"rendered":"<p>Hiermit erg\u00e4nzen wir unseren Aufruf vom 26. August 2015 wie folgt: Die Zahn\u00e4rztekammer Berlin hat unter F\u00fchrung ihres Pr\u00e4sidenten Herrn Dr. Wolfgang Schmiedel am 03.09.2015 die Koordination der Fl\u00fcchtlingshilfe \u00fcbernommen. [&#8230;]<\/p>\n","protected":false},"author":13,"featured_media":0,"comment_status":"closed","ping_status":"closed","sticky":false,"template":"","format":"standard","meta":{"ngg_post_thumbnail":0,"iawp_total_views":0,"footnotes":""},"categories":[165],"tags":[],"class_list":["post-12725","post","type-post","status-publish","format-standard","hentry","category-fluechtlingshilfe"],"_links":{"self":[{"href":"https:\/\/iuzb.de\/index.php?rest_route=\/wp\/v2\/posts\/12725","targetHints":{"allow":["GET"]}}],"collection":[{"href":"https:\/\/iuzb.de\/index.php?rest_route=\/wp\/v2\/posts"}],"about":[{"href":"https:\/\/iuzb.de\/index.php?rest_route=\/wp\/v2\/types\/post"}],"author":[{"embeddable":true,"href":"https:\/\/iuzb.de\/index.php?rest_route=\/wp\/v2\/users\/13"}],"replies":[{"embeddable":true,"href":"https:\/\/iuzb.de\/index.php?rest_route=%2Fwp%2Fv2%2Fcomments&post=12725"}],"version-history":[{"count":8,"href":"https:\/\/iuzb.de\/index.php?rest_route=\/wp\/v2\/posts\/12725\/revisions"}],"predecessor-version":[{"id":41887,"href":"https:\/\/iuzb.de\/index.php?rest_route=\/wp\/v2\/posts\/12725\/revisions\/41887"}],"wp:attachment":[{"href":"https:\/\/iuzb.de\/index.php?rest_route=%2Fwp%2Fv2%2Fmedia&parent=12725"}],"wp:term":[{"taxonomy":"category","embeddable":true,"href":"https:\/\/iuzb.de\/index.php?rest_route=%2Fwp%2Fv2%2Fcategories&post=12725"},{"taxonomy":"post_tag","embeddable":true,"href":"https:\/\/iuzb.de\/index.php?rest_route=%2Fwp%2Fv2%2Ftags&post=12725"}],"curies":[{"name":"wp","href":"https:\/\/api.w.org\/{rel}","templated":true}]}}