{"id":12641,"date":"2016-10-21T16:24:13","date_gmt":"2016-10-21T14:24:13","guid":{"rendered":"http:\/\/iuzb.de\/?p=12641"},"modified":"2016-12-01T16:40:10","modified_gmt":"2016-12-01T15:40:10","slug":"kammerwahl-wahlleiter-haelt-verhalten-von-dr-rellermeier-mit-seiner-werbung-fuer-die-liste-3-fuer-problematisch","status":"publish","type":"post","link":"https:\/\/iuzb.de\/?p=12641","title":{"rendered":"Kammerwahl: Wahlleiter h\u00e4lt Verhalten von Dr. Rellermeier mit seiner Werbung f\u00fcr die Liste 3 f\u00fcr problematisch"},"content":{"rendered":"<h3>IUZB-Beschwerde vom 19.10.2016 wurde vom Wahlleiter mangels Zust\u00e4ndigkeit mit Verweis an die politische Auseinandersetzung oder an die Gremien des Versorgungswerkes zur\u00fcckgewiesen:<\/h3>\n<p>&nbsp;<\/p>\n<p style=\"text-align: left;\"><span style=\"color: #ffffff;\">.<a href=\"https:\/\/iuzb.de\/wp-content\/uploads\/2016\/10\/2016-10-19-Schreiben-an-Wahlausschuss-wegen-Wahlbeschwerde-mit-Anlage.pdf\" target=\"_blank\"><img loading=\"lazy\" decoding=\"async\" class=\"alignnone wp-image-12695\" src=\"https:\/\/iuzb.de\/wp-content\/uploads\/2016\/10\/2016-10-19-Schreiben-an-Wahlausschuss-wegen-Wahlbeschwerde-mit-Anlage-1024x524.jpg\" alt=\"2016-10-19-schreiben-an-wahlausschuss-wegen-wahlbeschwerde-mit-anlage\" width=\"567\" height=\"290\" srcset=\"https:\/\/iuzb.de\/wp-content\/uploads\/2016\/10\/2016-10-19-Schreiben-an-Wahlausschuss-wegen-Wahlbeschwerde-mit-Anlage-1024x524.jpg 1024w, https:\/\/iuzb.de\/wp-content\/uploads\/2016\/10\/2016-10-19-Schreiben-an-Wahlausschuss-wegen-Wahlbeschwerde-mit-Anlage-150x77.jpg 150w, https:\/\/iuzb.de\/wp-content\/uploads\/2016\/10\/2016-10-19-Schreiben-an-Wahlausschuss-wegen-Wahlbeschwerde-mit-Anlage-300x154.jpg 300w, https:\/\/iuzb.de\/wp-content\/uploads\/2016\/10\/2016-10-19-Schreiben-an-Wahlausschuss-wegen-Wahlbeschwerde-mit-Anlage-768x393.jpg 768w, https:\/\/iuzb.de\/wp-content\/uploads\/2016\/10\/2016-10-19-Schreiben-an-Wahlausschuss-wegen-Wahlbeschwerde-mit-Anlage.jpg 1600w\" sizes=\"auto, (max-width: 567px) 100vw, 567px\" \/><\/a><\/span><\/p>\n<p><a href=\"https:\/\/iuzb.de\/wp-content\/uploads\/2016\/10\/2016-10-19-Antwort-vom-Wahlleiter.pdf\" target=\"_blank\"><img loading=\"lazy\" decoding=\"async\" class=\"alignnone wp-image-12697\" src=\"https:\/\/iuzb.de\/wp-content\/uploads\/2016\/10\/2016-10-19-Antwort-vom-Wahlleiter-722x1024.jpg\" alt=\"2016-10-19-antwort-vom-wahlleiter\" width=\"344\" height=\"488\" srcset=\"https:\/\/iuzb.de\/wp-content\/uploads\/2016\/10\/2016-10-19-Antwort-vom-Wahlleiter-722x1024.jpg 722w, https:\/\/iuzb.de\/wp-content\/uploads\/2016\/10\/2016-10-19-Antwort-vom-Wahlleiter-212x300.jpg 212w, https:\/\/iuzb.de\/wp-content\/uploads\/2016\/10\/2016-10-19-Antwort-vom-Wahlleiter-768x1089.jpg 768w, https:\/\/iuzb.de\/wp-content\/uploads\/2016\/10\/2016-10-19-Antwort-vom-Wahlleiter.jpg 790w\" sizes=\"auto, (max-width: 344px) 100vw, 344px\" \/><\/a><\/p>\n<p><span style=\"color: #ffffff;\"><span style=\"color: #000000; font-size: 10pt;\"><span style=\"font-size: 8pt;\"><a href=\"https:\/\/iuzb.de\/wp-content\/uploads\/2016\/10\/2016-10-19-Schreiben-an-Wahlausschuss-wegen-Wahlbeschwerde-mit-Anlage.pdf\" target=\"_blank\">Beschwerde an den Wahlleiter<\/a> und <a href=\"https:\/\/iuzb.de\/wp-content\/uploads\/2016\/10\/2016-10-19-Antwort-vom-Wahlleiter.pdf\" target=\"_blank\">Antwort des Wahlleiters<\/a><\/span><\/span><br \/>\n<\/span><\/p>\n<p style=\"text-align: justify;\"><span style=\"color: #ffffff;\">.<\/span><\/p>\n<p style=\"text-align: justify;\">Da es sich um die Wahl zur Delegiertenversammlung der Zahn\u00e4rztekammer Berlin handelt, ist der Wahlausschuss der Zahn\u00e4rztekammer Berlin nicht f\u00fcr das Verhalten des Versorgungswerkes oder seiner Organmitglieder zust\u00e4ndig. Die Berliner Mitglieder der Vertreterversammlung des Versorgungswerkes werden Anfang 2017 von der sich neu konstituierenden Delegiertenversammlung gew\u00e4hlt. Hierbei handelt es sich um einen eigenst\u00e4ndigen Rechtsakt.<\/p>\n<p style=\"text-align: justify;\"><strong>Unsere Beschwerde an das Versorgungswerk zu richten ist sinnlos<\/strong>, da die ma\u00dfgeblichen Organe des Versorgungswerkes, also der Aufsichtsausschuss und der Verwaltungsausschuss, vom Verband der Zahn\u00e4rzte von Berlin (Liste 3 der Kammerwahl) und vom Freien Verband Deutscher Zahn\u00e4rzte (Liste 4 der Kammerwahl) dominiert werden.\u00a0 Beide Verb\u00e4nde bilden bei der Kammerwahl eine Koalition (siehe BZZ 09\/10-2016, Seite 3) und aus dem Wahlwerbeschreiben des Herrn Dr. Rellermeier ergibt sich eindeutig, dass er beabsichtigt, das Amt als Vorsitzender des Verwaltungsausschusses beizubehalten. Niemand im Versorgungswerk hat somit die Macht oder Interesse daran, den Kollegen Dr. Rellermeier wegen seines &#8222;problematischen Verhaltens&#8220; zurechtzuweisen.<\/p>\n<p style=\"text-align: justify;\">Die IUZB verf\u00fcgt weder im Aufsichtsausschuss noch im Verwaltungsausschuss \u00fcber einen Sitz und das &#8222;problematische&#8220; Verhalten des Vorsitzenden des Verwaltungsausschusses, Herrn Dr. Ingo Rellermeier zeigt wieder einmal, wie wichtig es w\u00e4re, dass die beiden wichtigsten Organe des Versorgungswerkes <a href=\"http:\/\/www.iuzb.org\/wordpress\/?cat=58\" target=\"_blank\">spiegelbildlich<\/a> besetzt werden m\u00fcssten.<\/p>\n<p style=\"text-align: justify;\"><strong>Liebe W\u00e4hlerinnen und W\u00e4hler<\/strong>,<\/p>\n<p style=\"text-align: justify;\">hier liegt es bei Ihnen, durch Ihre Stimmenabgabe daf\u00fcr zu sorgen, dass die IUZB Eingang in die genannten Kontrollgremien unseres Versorgungswerkes erh\u00e4lt. <strong>St\u00e4rken Sie die IUZB &#8211; wir stehen f\u00fcr mehr Transparenz, demokratische Teilhabe und Kontrolle<\/strong>.<\/p>\n<p style=\"text-align: justify;\"><span style=\"color: #ffffff;\">.<\/span><\/p>\n<p style=\"text-align: justify;\"><strong><img loading=\"lazy\" decoding=\"async\" class=\"alignleft size-thumbnail wp-image-14013\" src=\"http:\/\/www.iuzb.org\/wordpress\/wp-content\/uploads\/2016\/04\/Gerhard-Gneist-113x150.jpg\" alt=\"Gerhard Gneist\" width=\"113\" height=\"150\" \/><\/strong><\/p>\n<p style=\"text-align: justify;\"><span style=\"color: #ffffff;\"><strong>.<\/strong><\/span><\/p>\n<p style=\"text-align: justify;\"><strong>Ihr Gerhard Gneist<br \/>\n<\/strong>Listenf\u00fchrer Wahlliste 6<br \/>\n<strong>IUZB &#8211; Initiative Unabh\u00e4ngige Zahn\u00e4rzte Berlin e.V.<\/strong><\/p>\n<p style=\"text-align: justify;\"><span style=\"color: #ffffff;\">.<\/span><\/p>\n<p style=\"text-align: justify;\"><span style=\"color: #ffffff;\">.<\/span><\/p>\n<p style=\"text-align: justify;\"><span style=\"color: #ffffff;\">.<\/span><\/p>\n<p style=\"text-align: justify;\"><span style=\"color: #ffffff;\">.<\/span><\/p>\n","protected":false},"excerpt":{"rendered":"<p>IUZB-Beschwerde vom 19.10.2016 wurde vom Wahlleiter mangels Zust\u00e4ndigkeit mit Verweis an die politische Auseinandersetzung oder an die Gremien des Versorgungswerkes zur\u00fcckgewiesen: &nbsp; . Beschwerde an den Wahlleiter und Antwort des [&#8230;]<\/p>\n","protected":false},"author":13,"featured_media":0,"comment_status":"open","ping_status":"closed","sticky":false,"template":"","format":"standard","meta":{"ngg_post_thumbnail":0,"iawp_total_views":2,"footnotes":""},"categories":[63,95,46],"tags":[],"class_list":["post-12641","post","type-post","status-publish","format-standard","hentry","category-kammerwahl-2016","category-vdzvb","category-zahnaerztekammer-berlin"],"_links":{"self":[{"href":"https:\/\/iuzb.de\/index.php?rest_route=\/wp\/v2\/posts\/12641","targetHints":{"allow":["GET"]}}],"collection":[{"href":"https:\/\/iuzb.de\/index.php?rest_route=\/wp\/v2\/posts"}],"about":[{"href":"https:\/\/iuzb.de\/index.php?rest_route=\/wp\/v2\/types\/post"}],"author":[{"embeddable":true,"href":"https:\/\/iuzb.de\/index.php?rest_route=\/wp\/v2\/users\/13"}],"replies":[{"embeddable":true,"href":"https:\/\/iuzb.de\/index.php?rest_route=%2Fwp%2Fv2%2Fcomments&post=12641"}],"version-history":[{"count":9,"href":"https:\/\/iuzb.de\/index.php?rest_route=\/wp\/v2\/posts\/12641\/revisions"}],"predecessor-version":[{"id":12777,"href":"https:\/\/iuzb.de\/index.php?rest_route=\/wp\/v2\/posts\/12641\/revisions\/12777"}],"wp:attachment":[{"href":"https:\/\/iuzb.de\/index.php?rest_route=%2Fwp%2Fv2%2Fmedia&parent=12641"}],"wp:term":[{"taxonomy":"category","embeddable":true,"href":"https:\/\/iuzb.de\/index.php?rest_route=%2Fwp%2Fv2%2Fcategories&post=12641"},{"taxonomy":"post_tag","embeddable":true,"href":"https:\/\/iuzb.de\/index.php?rest_route=%2Fwp%2Fv2%2Ftags&post=12641"}],"curies":[{"name":"wp","href":"https:\/\/api.w.org\/{rel}","templated":true}]}}