{"id":12622,"date":"2015-08-30T20:00:16","date_gmt":"2015-08-30T19:00:16","guid":{"rendered":"http:\/\/www.iuzb.org\/wordpress\/?p=12622"},"modified":"2016-11-19T22:25:08","modified_gmt":"2016-11-19T21:25:08","slug":"fluechtlingshilfe-bericht-vom-standort-lageso-turmstrasse-in-moabit","status":"publish","type":"post","link":"https:\/\/iuzb.de\/?p=12622","title":{"rendered":"Fl\u00fcchtlingshilfe: Bericht vom Standort LaGeSo Turmstra\u00dfe in Moabit"},"content":{"rendered":"<p>Bericht von Zahnarzt Gerhard Gneist vom 30. August 2015 um 20:40 Uhr vom Standort LaGeSo Turmstra\u00dfe in Tiergarten\/Moabit:<\/p>\n<blockquote>\n<p style=\"text-align: justify;\">Die Lage in Moabit ist weiterhin desastr\u00f6s. Das LaGeSo ist mit der Organisation der Hilfe \u00fcberfordert. Es ist eine humanit\u00e4re Katastrophe.<\/p>\n<p style=\"text-align: justify;\">Den ankommenden Fl\u00fcchtlingen steht zum Anfang keine (zahn)medizinische Versorgung zur Verf\u00fcgung und es herrschen unhygienische Verh\u00e4ltnisse, mit gesundheitlichen Risiken ( z.B. Tuberkulose, Masern u.a.), vor. Die Toiletten laufen \u00fcber, es gibt keine Waschm\u00f6glichkeiten und die Fl\u00fcchtlinge lagern im Dreck.\u00a0 Bis zu 10 Tagen warten die Geflohenen auf ihre Registrierung. In dieser Zeit sind sie obdachlos und werden nicht versorgt. Der Verein &#8222;Moabit hilft&#8220; versucht Unterk\u00fcnfte zu besorgen und sorgt f\u00fcr Wasser und Brot.<\/p>\n<p style=\"text-align: justify;\">Heute, Sonntag, war ich wieder in Moabit auf dem Gel\u00e4nde der LaGeSo. Fl\u00fcchtlinge waren nicht auf dem Gel\u00e4nde, da die Beh\u00f6rde nur Montags &#8211; Freitag, in der Zeit von 08.00-18.00h arbeitet. Ein paar freiwillige Helfer waren Vorort und bauten ein Zelt auf, in dem die \u00e4rztliche Versorgung, ab Montag, stattfinden soll. Die \u00c4rztekammer will ab Dienstag (01.09.) die Organisation \u00fcbernehmen, so Herr Jonitz, der Pr\u00e4sident der \u00c4rztekammer.<\/p>\n<p style=\"text-align: justify;\">Im Park vor der Aufnahmestelle \u00fcbernachteten ca. 50 Fl\u00fcchtlinge, die keine \u00dcbernachtungsm\u00f6glichkeit hatten. Ich besorgte ihnen, bei einen gegen\u00fcberliegenden Imbiss, Wasser und Fladenbrote. Sp\u00e4ter kamen noch einige Anwohner, die Fl\u00fcchtlinge versorgten und den Kindern, S\u00fc\u00dfigkeiten mitbrachten.<\/p>\n<p style=\"text-align: justify;\">Montag wird das erste mal ein Zahnarzt dort, die Notf\u00e4lle sichten und dann entsprechend zu Kollegen schicken, die sich bereit erkl\u00e4rt haben, sie kostenlos zu behandeln.<\/p>\n<\/blockquote>\n","protected":false},"excerpt":{"rendered":"<p>Bericht von Zahnarzt Gerhard Gneist vom 30. August 2015 um 20:40 Uhr vom Standort LaGeSo Turmstra\u00dfe in Tiergarten\/Moabit: Die Lage in Moabit ist weiterhin desastr\u00f6s. Das LaGeSo ist mit der [&#8230;]<\/p>\n","protected":false},"author":13,"featured_media":0,"comment_status":"closed","ping_status":"closed","sticky":false,"template":"","format":"standard","meta":{"ngg_post_thumbnail":0,"iawp_total_views":2,"footnotes":""},"categories":[165],"tags":[],"class_list":["post-12622","post","type-post","status-publish","format-standard","hentry","category-fluechtlingshilfe"],"_links":{"self":[{"href":"https:\/\/iuzb.de\/index.php?rest_route=\/wp\/v2\/posts\/12622","targetHints":{"allow":["GET"]}}],"collection":[{"href":"https:\/\/iuzb.de\/index.php?rest_route=\/wp\/v2\/posts"}],"about":[{"href":"https:\/\/iuzb.de\/index.php?rest_route=\/wp\/v2\/types\/post"}],"author":[{"embeddable":true,"href":"https:\/\/iuzb.de\/index.php?rest_route=\/wp\/v2\/users\/13"}],"replies":[{"embeddable":true,"href":"https:\/\/iuzb.de\/index.php?rest_route=%2Fwp%2Fv2%2Fcomments&post=12622"}],"version-history":[{"count":1,"href":"https:\/\/iuzb.de\/index.php?rest_route=\/wp\/v2\/posts\/12622\/revisions"}],"predecessor-version":[{"id":16234,"href":"https:\/\/iuzb.de\/index.php?rest_route=\/wp\/v2\/posts\/12622\/revisions\/16234"}],"wp:attachment":[{"href":"https:\/\/iuzb.de\/index.php?rest_route=%2Fwp%2Fv2%2Fmedia&parent=12622"}],"wp:term":[{"taxonomy":"category","embeddable":true,"href":"https:\/\/iuzb.de\/index.php?rest_route=%2Fwp%2Fv2%2Fcategories&post=12622"},{"taxonomy":"post_tag","embeddable":true,"href":"https:\/\/iuzb.de\/index.php?rest_route=%2Fwp%2Fv2%2Ftags&post=12622"}],"curies":[{"name":"wp","href":"https:\/\/api.w.org\/{rel}","templated":true}]}}