{"id":12596,"date":"2015-08-30T13:04:36","date_gmt":"2015-08-30T12:04:36","guid":{"rendered":"http:\/\/www.iuzb.org\/wordpress\/?p=12596"},"modified":"2023-04-05T23:16:13","modified_gmt":"2023-04-05T21:16:13","slug":"fluechtlingshilfe-was-erwartet-zahnaerztliche-helfer-vor-ort","status":"publish","type":"post","link":"https:\/\/iuzb.de\/?p=12596","title":{"rendered":"Fl\u00fcchtlingshilfe: Was erwartet zahn\u00e4rztliche Helfer vor Ort?"},"content":{"rendered":"<p style=\"text-align: justify;\">Hier &#8211; ungefiltert ! &#8211; zwei erste Vor-Ort-Berichte von Herrn Dr. Peter Nachtweh vom Standort Fehrbelliner Platz.<\/p>\n<p style=\"text-align: justify;\">Herr Gerhard Gneist hingegen h\u00e4lt sich oft am LaGeSo in der Turmstra\u00dfe auf. Dort ist die Situation noch viel schlimmer! Demn\u00e4chst soll auch noch ein Standort in <a href=\"https:\/\/www.berlin.de\/sen\/gessoz\/presse\/pressemitteilungen\/2015\/pressemitteilung.358990.php\" target=\"_blank\" rel=\"noopener\">Spandau<\/a> er\u00f6ffnet werden.<\/p>\n<p style=\"text-align: justify;\">Wer gerne helfen m\u00f6chte, der kann sich damit ein erstes Bild dar\u00fcber machen, was ihn erwartet.<\/p>\n<p style=\"text-align: justify;\">Es handelt sich hier um erste provisorische Hilfsma\u00dfnahmen, weil es vor Ort <span style=\"text-decoration: underline;\">jetzt<\/span> nun einmal Menschen mit Zahnschmerzen gibt, welche momentan (vor\u00fcbergehend) au\u00dferhalb des Gesundheitssystems stehen.&nbsp; Ansonsten warten die zahn\u00e4rztlichen Helfer auf das, was die Zahn\u00e4rztekammer Berlin und die KZV Berlin, eventuell zusammen mit anderen Tr\u00e4gern\/Beh\u00f6rden, demn\u00e4chst organisatorisch auf die Beine stellen und dann die Regie \u00fcbernehmen wird. Seitens der Kammer ist eine Koordinierungssitzung am kommenden Mittwoch (02.09.2015) angesetzt. An dieser Sitzung werden die beiden Zahn\u00e4rzte Herr Gneist und Herr Dr. Nachtweh teilnehmen, welche jetzt bereits vor Ort helfen.<\/p>\n<p style=\"text-align: justify;\"><strong>Ansonsten an dieser Stelle an alle zahn\u00e4rztlichen Helfer\/Innen herzlichen Dank, die sich vor Ort engagieren oder ihre Praxen auch f\u00fcr &#8222;ohne gr\u00fcnen Schein-Behandlungen&#8220; anbieten!<\/strong><\/p>\n<ul>\n<li style=\"text-align: justify;\">Wer mithelfen m\u00f6chte, m\u00f6ge bitte mit den bereits vor Ort t\u00e4tigen zahn\u00e4rztlichen Helfern Kontakt aufnehmen und sich am besten pers\u00f6nlich mit diesen besprechen.<\/li>\n<li style=\"text-align: justify;\">Bitte auch selbst in den <strong>Online-Verf\u00fcgbarkeits-Dienstplan<\/strong>, welcher auch eine <strong>Online Adressenliste der vor Ort Helfer<\/strong> und eine <strong>Online-Praxenliste<\/strong> enth\u00e4lt, eintragen.<\/li>\n<li style=\"text-align: justify;\">Die Links zu den Online-Pl\u00e4nen stehen in unseren beiden letzten Rundmails vom 26.08.2015 und 28.08.2015, bzw. k\u00f6nnen jederzeit bei mir erfragt werden: xxx.xxxxxx@iuzb.xxx<\/li>\n<li style=\"text-align: justify;\">Au\u00dferdem habe ich noch einen (vor\u00fcbergehenden) eMail-Verteiler &#8222;Fl\u00fcchtlingshilfe&#8220; eingerichtet. Dort werden automatisch alle aufgenommen, welche sich wegen der Fl\u00fcchtlingshilfe an uns wenden. Wer ansonsten in diesen Verteiler aufgenommen werden m\u00f6chte, kann sich gerne an mich wenden: xxx.xxxxxx@iuzb.xxx<\/li>\n<\/ul>\n<p><span style=\"color: #ffffff;\">.<\/span><\/p>\n<p><span style=\"color: #ffffff;\">.<\/span><\/p>\n<p><strong>Bericht von Freitag, 28. August 2015, 14:51 Uhr &#8211; Standort Fehrbelliner Platz<br \/>\n<\/strong><\/p>\n<blockquote>\n<p style=\"text-align: justify;\">Lieber Herr Ge&#8230;..,<br \/>\n<span style=\"color: #ffffff;\">.<\/span><br \/>\nich habe Ihre Antwort an Frau xxx zur Kenntnis genommen. Aber ich glaube, dass auch diese Kollegin die Umst\u00e4nde der Fl\u00fcchtlingshilfe verkennt. Sie geht wohl davon aus, dass sie vor Ort zahn\u00e4rztlich behandelt kann. Das ist nicht der Fall. Sie muss auch aufgekl\u00e4rt werden, was sie f\u00fcr die Voruntersuchung aus ihrer Praxis selbst mitbringen muss. Vorhanden ist nichts.<br \/>\n<span style=\"color: #ffffff;\">.<\/span><br \/>\nDann hat ihre T\u00e4tigkeit wenig Sinn, wenn sie nicht auch gleichzeitig daf\u00fcr Sorge tr\u00e4gt, wo die behandlungsbed\u00fcrftigen Patienten ein oder zwei Tage sp\u00e4ter behandelt werden k\u00f6nnen. Es w\u00fcrde mehr Sinn machen, wenn sie an den zwei Vormittagen in ihrer Praxis im Block vier bis sechs Patienten behandeln k\u00f6nnte. Erst f\u00fcr diese Anzahl lohnt es sich, wenn eine Dolmetscherin f\u00fcr mehrere Stunden vom Rathaus abgezogen wird. Dann muss noch sichergestellt werden, dass der Bus des ASB die Fahrten durchf\u00fchrt.<br \/>\nEs sind jeweils zwei Fahrten anzusetzen, hin und zur\u00fcck. Und wenn eine Praxis von Wilmersdorf zu weit weg angesiedelt ist, f\u00e4hrt der Bus nicht. Hier sind die Kosten und der Zeitaufwand vom Rathaus Wilmersdorf nach Tegel und weiter zu gross.<br \/>\nIch habe mit den beiden Zahn\u00e4rztinnen, die heute und morgen Dienst machen telefoniert. Sie wollten nur vor Ort behandeln.<br \/>\nIch bin gespannt, wohin die Patienten geschickt werden.<br \/>\n<span style=\"color: #ffffff;\">.<\/span><br \/>\nVielleicht sollten Sie die Aufrufe, sich in Listen einzutragen, mit mehr Informationen versehen.<br \/>\n<span style=\"color: #ffffff;\">.<\/span><br \/>\nGruss P. N.<\/p>\n<\/blockquote>\n<p><span style=\"color: #ffffff;\">.<\/span><\/p>\n<p>&nbsp;<\/p>\n<p><strong>Bericht von Donnerstag, 27. August 2015, 20:19 Uhr &#8211; Standort Fehrbelliner Platz<br \/>\n<\/strong><\/p>\n<blockquote>\n<p style=\"text-align: justify;\">Meine Herren, guten Abend,<\/p>\n<p style=\"text-align: justify;\">ich gebe Ihnen einen ersten Erfahrungsbericht von meinem&nbsp;heutigen&nbsp;Einsatz vormittags in der Praxis und nachmittags im tempor\u00e4ren Wohnheim f\u00fcr Fl\u00fcchtlinge im ehemaligen Rathaus Wilmersdorf am Fehrbelliner Platz.<\/p>\n<p style=\"text-align: justify;\">Hier hat eine Kinder\u00e4rztin ein hervorragend ausger\u00fcstetes Gesundheitszentrum eingerichtet und auch die Auslastung und Nutzung&nbsp;f\u00fcr die Betroffenen sehr gut organisiert. Zahn\u00e4rzte \/ Zahn\u00e4rztinnen sind herzlich willkommen und werden auch dringend gebraucht, weil sehr viele Fl\u00fcchtlinge akute, aber auch chronische Zahnprobleme haben.<\/p>\n<p style=\"text-align: justify;\">Zur Verf\u00fcgung steht den einsatzbereiten Zahn\u00e4rzten\/innen nur ein einfacher Stuhl. Gleich hier habe ich die dringende Bitte, dass wir versuchen sollten, einen einfachen Behandlungsstuhl mit einer Kopfst\u00fctze f\u00fcr den Patienten und einen Arbeitsstuhl f\u00fcr den Arzt zu organisieren. Anschlussm\u00f6glichkeiten sind nat\u00fcrlich nicht vorhanden und auch nicht n\u00f6tig, denn die Kleinigkeiten, die man f\u00fcr eine klinische Untersuchung braucht, kann der diensthabende Zahnarzt\/in mitbringen. Dabei hat er den Vorteil, dass er\/sie&nbsp;mit ihm\/ihr vertrauten Instrumenten untersucht. Mitzubringen sind also eine Taschenlampe oder Stirnlampe, Mundspiegel, Sonde und einige zahn\u00e4rztliche Pinzetten, ein paar Watterollen, Untersuchungshandschuhe, gegebenenfalls&nbsp;auch ein&nbsp;Mundschutz. Der Untersuchende sollte gut vorbereitet sein, wenn es&nbsp;nun anschlie\u00dfend darum geht, den Patienten&nbsp;eine Notbehandlung in einer zahn\u00e4rztlichen Praxis zu vermitteln. Eine Liste mit Zahn\u00e4rzten\/innen, die eine Behandlung meist ohne, selten mit einer gr\u00fcnen Versicherungskarte durchf\u00fchren k\u00f6nnen, gibt es vor Ort nicht. Die helfenden H\u00e4nde (Krankenschwestern) sind zwar bereit, eine Gruppenreise zu einem Zahnarzt\/in zu organisieren, aber&nbsp;wohin es gehen kann,&nbsp;wissen sie nicht. Am leichtesten w\u00e4re es, wenn der Untersucher gleich einige Patienten an sich selbst verweist, oder sich vorher mit anderen Kollegen abstimmt. Der ABS &#8211; Dienst ist auch logischerweise nicht bereit, von Wilmersdorf nach Reinickendorf zu fahren. So m\u00fcssen wir uns aufteilen und nach Etablierung einer weiteren zahn\u00e4rztlichen Untersuchungsstelle in der Turmstra\u00dfe, f\u00fcr diese Region auch Behandlungspl\u00e4tze in den n\u00f6rdlichen Stadtteilen anbieten, um die Wege f\u00fcr alle zu verk\u00fcrzen. Nach meiner Erfahrung gen\u00fcgt es, wenn sich die Zahn\u00e4rzte oder Zahn\u00e4rztinnen im Zweitageturnus, also Montag, Mittwoch und&nbsp;Freitag als Voruntersucher in den Dienstplan eintragen. Die Zahn\u00e4rzte\/innen&nbsp;sollten auch Blockzeiten f\u00fcr die Behandlung einrichten und anbieten, denn es ist nicht m\u00f6glich, den Schmerzpatienten mal eben zwischendurch zu behandeln, weil vier, f\u00fcnf Patienten mit einem Dolmetscher und auch mit Vater oder Mutter geschlossen&nbsp;gebracht&nbsp;und auch wieder abgeholt werden und in der Zwischenzeit das Wartezimmer blockieren.<\/p>\n<p style=\"text-align: justify;\">Bei unseren zahn\u00e4rztlichen Behandlungsma\u00dfnahmen m\u00fcssen wir uns nicht nur aus den wirtschaftlichen Gesichtspunkten auf die Schmerzsituation&nbsp;des Patienten beschr\u00e4nken, denn eine Sanierung ist auch deshalb nicht n\u00f6tig, weil in den provisorischen Unterk\u00fcnften eine gro\u00dfe Fluktuation herrscht. Die meisten Fl\u00fcchtlinge verlassen Berlin bereits wieder nach wenigen Tagen.<\/p>\n<p style=\"text-align: justify;\">Und dann kommen die n\u00e4chsten Fl\u00fcchtlinge wiederum mit akuten Zahnschmerzen und bitten um Hilfe.<\/p>\n<p style=\"text-align: justify;\">Nach einer zahn\u00e4rztlichen Behandlung ist die Dankbarkeit dieser Menschen riesengro\u00df und entsch\u00e4digt f\u00fcr den fehlenden Schein.<\/p>\n<p style=\"text-align: justify;\">Mit freundlichen Gr\u00fc\u00dfen<\/p>\n<p style=\"text-align: justify;\">Peter Nachtweh<\/p>\n<\/blockquote>\n","protected":false},"excerpt":{"rendered":"<p>Hier &#8211; ungefiltert ! &#8211; zwei erste Vor-Ort-Berichte von Herrn Dr. Peter Nachtweh vom Standort Fehrbelliner Platz. Herr Gerhard Gneist hingegen h\u00e4lt sich oft am LaGeSo in der Turmstra\u00dfe auf. [&#8230;]<\/p>\n","protected":false},"author":13,"featured_media":0,"comment_status":"closed","ping_status":"closed","sticky":false,"template":"","format":"standard","meta":{"ngg_post_thumbnail":0,"iawp_total_views":1,"footnotes":""},"categories":[165,188],"tags":[],"class_list":["post-12596","post","type-post","status-publish","format-standard","hentry","category-fluechtlingshilfe","category-medizin"],"_links":{"self":[{"href":"https:\/\/iuzb.de\/index.php?rest_route=\/wp\/v2\/posts\/12596","targetHints":{"allow":["GET"]}}],"collection":[{"href":"https:\/\/iuzb.de\/index.php?rest_route=\/wp\/v2\/posts"}],"about":[{"href":"https:\/\/iuzb.de\/index.php?rest_route=\/wp\/v2\/types\/post"}],"author":[{"embeddable":true,"href":"https:\/\/iuzb.de\/index.php?rest_route=\/wp\/v2\/users\/13"}],"replies":[{"embeddable":true,"href":"https:\/\/iuzb.de\/index.php?rest_route=%2Fwp%2Fv2%2Fcomments&post=12596"}],"version-history":[{"count":4,"href":"https:\/\/iuzb.de\/index.php?rest_route=\/wp\/v2\/posts\/12596\/revisions"}],"predecessor-version":[{"id":41892,"href":"https:\/\/iuzb.de\/index.php?rest_route=\/wp\/v2\/posts\/12596\/revisions\/41892"}],"wp:attachment":[{"href":"https:\/\/iuzb.de\/index.php?rest_route=%2Fwp%2Fv2%2Fmedia&parent=12596"}],"wp:term":[{"taxonomy":"category","embeddable":true,"href":"https:\/\/iuzb.de\/index.php?rest_route=%2Fwp%2Fv2%2Fcategories&post=12596"},{"taxonomy":"post_tag","embeddable":true,"href":"https:\/\/iuzb.de\/index.php?rest_route=%2Fwp%2Fv2%2Ftags&post=12596"}],"curies":[{"name":"wp","href":"https:\/\/api.w.org\/{rel}","templated":true}]}}