{"id":12587,"date":"2015-08-26T12:13:48","date_gmt":"2015-08-26T11:13:48","guid":{"rendered":"http:\/\/www.iuzb.org\/wordpress\/?p=12587"},"modified":"2023-04-02T11:19:09","modified_gmt":"2023-04-02T09:19:09","slug":"aufruf-zur-zahnaerztlichen-fluechtlingshilfe-dienstplan-auch-fuer-zahnaerztliche-hilfe","status":"publish","type":"post","link":"https:\/\/iuzb.de\/?p=12587","title":{"rendered":"AUFRUF zur zahn\u00e4rztlichen Fl\u00fcchtlingshilfe &#8211; Dienstplan (auch) f\u00fcr zahn\u00e4rztliche Hilfe"},"content":{"rendered":"<p><strong>IUZB-Mitgliederbrief 09\/2015<\/strong><br \/>\n<span style=\"color: #ffffff;\">.<\/span><\/p>\n<p>Liebe Mitglieder,<\/p>\n<p style=\"text-align: justify;\">die Situation der Fl\u00fcchtlinge in Berlin ist durch zahlreiche Pressever\u00f6ffentlichungen ja allgemein bekannt. Zahlreiche \u00c4rzte helfen in der ersten Notversorgung und auch die Zahn\u00e4rzte sollten dies tun. Unsererseits aktiv sind unter anderem unsere beiden <a href=\"http:\/\/www.iuzb.org\/wordpress\/?page_id=7\">Vorstandsmitglieder<\/a><\/p>\n<ul>\n<li>Dr. Helmut Dohmeier-de Haan &#8211; Telefon 0171-5217501 &#8211; <a href=\"mailto:drdohmeier@onlinehome.de\">eMail<\/a><\/li>\n<li>Gerhard Gneist &#8211; Telefon 0173-6564726 &#8211; <a href=\"mailto:ggneist@yahoo.de\">eMail<\/a><\/li>\n<\/ul>\n<p style=\"text-align: justify;\">Herr Gneist hat sich wegen der Problematik am 23.08. an den Kammerpr\u00e4sidenten Herrn Dr. Schmiedel gewandt und von diesen freundlicherweise sofort ein Antwort erhalten. Die Kammer wird wohl in Abstimmung mit der KZV und ggf. weiteren Tr\u00e4gern demn\u00e4chst eine geordnete Erst(notfall)versorgung aufbauen. Wir warten jetzt darauf, dass die Zahn\u00e4rztekammer entsprechende Ma\u00dfnahmen einleitet und diese dann allgemein bekannt gibt. Bis es soweit ist, ist jedoch eine selbst organisierte zahn\u00e4rztliche Hilfe erforderlich und hierbei organisatorisch eine Zusammenarbeit mit engagierten \u00c4rzten der anderen Fachbereiche sinnvoll.<\/p>\n<p style=\"text-align: justify;\">F\u00fcr alle Zahn\u00e4rzte, welche sich hier gerne einbringen m\u00f6chten, geben wir Euch anliegend eine Rundmail von &#8222;<a href=\"http:\/\/www.medizin-hilft-fluechtlingen.de\/\">Medizin hilft Fl\u00fcchtlingen<\/a>&#8220; zur Kenntnis. Diese eMail enth\u00e4lt einen<\/p>\n<ul>\n<li><b>Dienstplan<\/b><strong>*<\/strong>, in welchen sich jeder, der helfen m\u00f6chte, selbst eintragen kann,<\/li>\n<li>die <b>Standorte<\/b> und<\/li>\n<li>auch die M\u00f6glichkeit <b>(Zahn-)Arztpraxen einzutragen<\/b>, welche &#8222;mit und ohne gr\u00fcnen Schein behandeln&#8220;.<\/li>\n<\/ul>\n<p style=\"text-align: justify;\">F\u00fcr weitere Ausk\u00fcnfte stehen Euch Herr Dr. Dohmeier und Herr Gneist jederzeit sehr gerne zur Verf\u00fcgung.<\/p>\n<p style=\"text-align: justify;\">Herzliche Gr\u00fc\u00dfe<\/p>\n<p><strong>cc. Gesamte Berliner Zahn\u00e4rzteschaft: Wer will, der kann!<\/strong><\/p>\n<p><span style=\"color: #ffffff;\">..<\/span><\/p>\n<p><strong>*<\/strong> Aus Datenschutzgr\u00fcnden ver\u00f6ffentlichen wir den Dienstplan bzw. den Link darauf nicht frei auf unserer Webseite, stellen ihn aber auf Wunsch f\u00fcr Zahn\u00e4rzte gerne zur Verf\u00fcgung, Anfrage bitte per eMail an: xxx.xxxxxx@iuzb.xxx (<em>Entfernt, da Aktion abgelaufen<\/em>)<\/p>\n","protected":false},"excerpt":{"rendered":"<p>IUZB-Mitgliederbrief 09\/2015 . Liebe Mitglieder, die Situation der Fl\u00fcchtlinge in Berlin ist durch zahlreiche Pressever\u00f6ffentlichungen ja allgemein bekannt. Zahlreiche \u00c4rzte helfen in der ersten Notversorgung und auch die Zahn\u00e4rzte sollten [&#8230;]<\/p>\n","protected":false},"author":13,"featured_media":0,"comment_status":"closed","ping_status":"closed","sticky":false,"template":"","format":"standard","meta":{"ngg_post_thumbnail":0,"iawp_total_views":3,"footnotes":""},"categories":[165],"tags":[],"class_list":["post-12587","post","type-post","status-publish","format-standard","hentry","category-fluechtlingshilfe"],"_links":{"self":[{"href":"https:\/\/iuzb.de\/index.php?rest_route=\/wp\/v2\/posts\/12587","targetHints":{"allow":["GET"]}}],"collection":[{"href":"https:\/\/iuzb.de\/index.php?rest_route=\/wp\/v2\/posts"}],"about":[{"href":"https:\/\/iuzb.de\/index.php?rest_route=\/wp\/v2\/types\/post"}],"author":[{"embeddable":true,"href":"https:\/\/iuzb.de\/index.php?rest_route=\/wp\/v2\/users\/13"}],"replies":[{"embeddable":true,"href":"https:\/\/iuzb.de\/index.php?rest_route=%2Fwp%2Fv2%2Fcomments&post=12587"}],"version-history":[{"count":4,"href":"https:\/\/iuzb.de\/index.php?rest_route=\/wp\/v2\/posts\/12587\/revisions"}],"predecessor-version":[{"id":41793,"href":"https:\/\/iuzb.de\/index.php?rest_route=\/wp\/v2\/posts\/12587\/revisions\/41793"}],"wp:attachment":[{"href":"https:\/\/iuzb.de\/index.php?rest_route=%2Fwp%2Fv2%2Fmedia&parent=12587"}],"wp:term":[{"taxonomy":"category","embeddable":true,"href":"https:\/\/iuzb.de\/index.php?rest_route=%2Fwp%2Fv2%2Fcategories&post=12587"},{"taxonomy":"post_tag","embeddable":true,"href":"https:\/\/iuzb.de\/index.php?rest_route=%2Fwp%2Fv2%2Ftags&post=12587"}],"curies":[{"name":"wp","href":"https:\/\/api.w.org\/{rel}","templated":true}]}}