{"id":12431,"date":"2015-07-22T16:58:12","date_gmt":"2015-07-22T15:58:12","guid":{"rendered":"http:\/\/www.iuzb.org\/wordpress\/?p=12431"},"modified":"2016-11-19T22:53:30","modified_gmt":"2016-11-19T21:53:30","slug":"lsg-zur-abhaengigen-beschaeftigung-eines-zahnarztes-auf-der-grundlage-eines-vertrags-ueber-eine-zahnaerztliche-nicht-gleichberechtigte-gemeinschaftspraxis","status":"publish","type":"post","link":"https:\/\/iuzb.de\/?p=12431","title":{"rendered":"LSG: Zur abh\u00e4ngigen Besch\u00e4ftigung eines Zahnarztes auf der Grundlage eines Vertrags &#8222;\u00fcber eine zahn\u00e4rztliche nicht gleichberechtigte Gemeinschaftspraxis&#8220;"},"content":{"rendered":"<p style=\"text-align: justify;\">Das Landessozialgericht Baden-W\u00fcrttemberg hat entschieden, dass Juniorpartner in einer zahn\u00e4rztlichen Gemeinschaftspraxis unter bestimmten Voraussetzungen als abh\u00e4ngig besch\u00e4ftigt anzusehen sind und somit der Sozialversicherungspflicht unterliegen.<\/p>\n<p style=\"text-align: justify;\">Das Gericht setzt sich in einem betreffenden Fall in seinem Urteil mit einer Reihe von Indizien auseinander, wobei das Gericht dem Indiz der Frage des Unternehmensrisikos eine starke Gewichtung zukommen lies:<\/p>\n<blockquote>\n<p style=\"text-align: justify;\">Ein gewichtiges Indiz gegen eine selbstst\u00e4ndige T\u00e4tigkeit des Beigeladenen [Juniorpartners] &#8230; ist aber insbesondere, dass er &#8230; kein wesentliches ins Gewicht fallendes Unternehmerrisiko trug&#8230;<br \/>\nMa\u00dfgebliches Kriterium f\u00fcr ein solches Risiko eines Selbstst\u00e4ndigen ist, ob eigenes Kapital oder die eigene Arbeitskraft auch mit der Gefahr des Verlustes eingesetzt wird, &#8230;<\/p>\n<\/blockquote>\n<p style=\"text-align: justify;\">Im vorliegenden Fall trug der Juniorpartner kein unternehmerisches Risiko und war auch nicht am Gesellschaftskapital beteiligt. Au\u00dferdem musste der Juniorpartner seine Dienste h\u00f6chstpers\u00f6nlich erbringen und durfte sie nicht delegieren.<\/p>\n<p style=\"text-align: justify;\">Daher sah ihn das Gericht nicht als selbstst\u00e4ndig t\u00e4tig an.<\/p>\n<p>LSG Baden-W\u00fcrttemberg, Urteil vom 12.12.2014, Az <a href=\"http:\/\/lrbw.juris.de\/cgi-bin\/laender_rechtsprechung\/document.py?Gericht=bw&amp;GerichtAuswahl=LSG+Baden-W%FCrttemberg&amp;Art=en&amp;sid=b741f792887399f0785cb0a983ffcfc2&amp;nr=18993&amp;pos=0&amp;anz=1\" target=\"_blank\">L 4 R 1333\/13<\/a><\/p>\n<p><span style=\"color: #ffffff;\">\u00a0<\/span><\/p>\n","protected":false},"excerpt":{"rendered":"<p>Das Landessozialgericht Baden-W\u00fcrttemberg hat entschieden, dass Juniorpartner in einer zahn\u00e4rztlichen Gemeinschaftspraxis unter bestimmten Voraussetzungen als abh\u00e4ngig besch\u00e4ftigt anzusehen sind und somit der Sozialversicherungspflicht unterliegen. Das Gericht setzt sich in einem [&#8230;]<\/p>\n","protected":false},"author":13,"featured_media":0,"comment_status":"closed","ping_status":"closed","sticky":false,"template":"","format":"standard","meta":{"ngg_post_thumbnail":0,"iawp_total_views":0,"footnotes":""},"categories":[68],"tags":[],"class_list":["post-12431","post","type-post","status-publish","format-standard","hentry","category-recht"],"_links":{"self":[{"href":"https:\/\/iuzb.de\/index.php?rest_route=\/wp\/v2\/posts\/12431","targetHints":{"allow":["GET"]}}],"collection":[{"href":"https:\/\/iuzb.de\/index.php?rest_route=\/wp\/v2\/posts"}],"about":[{"href":"https:\/\/iuzb.de\/index.php?rest_route=\/wp\/v2\/types\/post"}],"author":[{"embeddable":true,"href":"https:\/\/iuzb.de\/index.php?rest_route=\/wp\/v2\/users\/13"}],"replies":[{"embeddable":true,"href":"https:\/\/iuzb.de\/index.php?rest_route=%2Fwp%2Fv2%2Fcomments&post=12431"}],"version-history":[{"count":2,"href":"https:\/\/iuzb.de\/index.php?rest_route=\/wp\/v2\/posts\/12431\/revisions"}],"predecessor-version":[{"id":16251,"href":"https:\/\/iuzb.de\/index.php?rest_route=\/wp\/v2\/posts\/12431\/revisions\/16251"}],"wp:attachment":[{"href":"https:\/\/iuzb.de\/index.php?rest_route=%2Fwp%2Fv2%2Fmedia&parent=12431"}],"wp:term":[{"taxonomy":"category","embeddable":true,"href":"https:\/\/iuzb.de\/index.php?rest_route=%2Fwp%2Fv2%2Fcategories&post=12431"},{"taxonomy":"post_tag","embeddable":true,"href":"https:\/\/iuzb.de\/index.php?rest_route=%2Fwp%2Fv2%2Ftags&post=12431"}],"curies":[{"name":"wp","href":"https:\/\/api.w.org\/{rel}","templated":true}]}}