{"id":12352,"date":"2015-07-10T16:50:14","date_gmt":"2015-07-10T15:50:14","guid":{"rendered":"http:\/\/www.iuzb.org\/wordpress\/?p=12352"},"modified":"2016-11-13T18:17:58","modified_gmt":"2016-11-13T17:17:58","slug":"bundesrat-verabschiedet-gkv-versorgungsstaerkungsgesetz","status":"publish","type":"post","link":"https:\/\/iuzb.de\/?p=12352","title":{"rendered":"Bundesrat verabschiedet GKV-Versorgungsst\u00e4rkungsgesetz: Neuregelungen f\u00fcr Zahn\u00e4rzte"},"content":{"rendered":"<p style=\"text-align: justify;\">Das <b>Gesetz zur St\u00e4rkung der Versorgung in der gesetzlichen Krankenversicherung (GKV-VSG) <\/b>hat heute den Bundesrat passiert (<a href=\"http:\/\/www.bundesrat.de\/DE\/plenum\/plenum-kompakt\/15\/935\/935-pk.html\" target=\"_blank\">TOP 3<\/a>). Das Gesetz soll insbesondere die Medizinische Betreuung auf dem Land verbessern. Es wird jetzt Bundespr\u00e4sident Joachim Gauck zur Ausfertigung zugeleitet und tritt voraussichtlich zum 01.08.2015 in Kraft.<\/p>\n<p style=\"text-align: justify;\">Die Kanlzei Dr. Halbe hat die wesentlichen Neuregelungen f\u00fcr Zahn\u00e4rzte in ihrem heutigen Newsletter wie folgt zusammengefasst:<\/p>\n<p><b>1. Fachgleiche MVZ<\/b><\/p>\n<p style=\"padding-left: 30px; text-align: justify;\">Das Merkmal \u201efach\u00fcbergreifend\u201c ist f\u00fcr Medizinische Versorgungszentren zuk\u00fcnftig kein Gr\u00fcndungserfordernis mehr. Damit k\u00f6nnen beispielsweise reine Zahnarzt-MVZ, Hausarzt-MVZ oder Psychotherapeuten-MVZ gegr\u00fcndet werden.<\/p>\n<p style=\"padding-left: 30px; text-align: justify;\">Da es in der vertragszahn\u00e4rztlichen Versorgung keine Zulassungssperren gibt, k\u00f6nnte dies erhebliche Auswirkungen auf die Versorgungsstruktur haben. Anders als im vertrags\u00e4rztlichen Bereich k\u00f6nnen zahn\u00e4rztliche MVZ n\u00e4mlich gegr\u00fcndet werden, ohne bestehende Zulassungen zu \u00fcbernehmen, d.h. zu kaufen.<\/p>\n<p><b>2. Vertretung von angestellten Zahn\u00e4rzten<\/b><\/p>\n<p style=\"padding-left: 30px; text-align: justify;\">In \u00a7 32b Zahn\u00e4rzte-Zulassungsverordnung ist klargestellt, dass auch angestellte Zahn\u00e4rzte f\u00fcr die Dauer von sechs Monaten vertreten werden k\u00f6nnen und zwar bei Vorliegen eines Vertretungsgrundes (Krankheit, Fortbildung etc.) aber auch wenn das Anstellungsverh\u00e4ltnis durch Tod, K\u00fcndigung oder aus anderen Gr\u00fcnden endet und sogar, wenn der Angestellte freigestellt wird.<\/p>\n<p><b>3. Pr\u00e4ventionsmanagement <\/b><\/p>\n<p style=\"padding-left: 30px; text-align: justify;\">Menschen mit Behinderungen haben einen Anspruch auf Leistungen zur Verh\u00fctung von Zahnerkrankungen (\u00a7 22a SGB V). Nachdem zuletzt die aufsuchende Behandlung in Pflegeheimen bereits durch das Versorgungsstrukturgesetz (VStG) mit \u00c4nderungen in \u00a7 119b SGB V verbessert wurde, wird nun der Anspruch auf ein Pr\u00e4ventionsmanagement geschaffen. Konkret geht es um die Erhebung eines Mundgesundheitsstatus, die Aufkl\u00e4rung \u00fcber die Bedeutung der Mundhygiene und \u00fcber Ma\u00dfnahmen zu deren Erhaltung, die Erstellung eines Planes zur individuellen Mund- und Prothesenpflege sowie die Entfernung harter Zahnbel\u00e4ge. Die n\u00e4here Ausgestaltung obliegt dem Gemeinsamen Bundesausschuss durch Richtlinien.<\/p>\n<p style=\"text-align: justify;\"><b>4. Zweitmeinungsverfahren\/Terminservicestellen\/Einziehung von Zulassungen nicht f\u00fcr Zahn\u00e4rzte <\/b><\/p>\n<p style=\"padding-left: 30px; text-align: justify;\">Das im Gesetz angelegte Zweitmeinungsverfahren (\u00a7 27b) hat bei Zahn\u00e4rzten keine Relevanz. Seit geraumer Zeit haben die meisten KZVen Zweitmeinungsmodelle, in deren Rahmen zu Heil- und Kostenpl\u00e4nen Zweitmeinungen eingeholt werden k\u00f6nnen. Zudem gibt es im zahn\u00e4rztlichen Bereich keine \u201emengenanf\u00e4lligen\u201c planbaren Eingriffe, die der Gesetzgeber hier im Blick hatte.<\/p>\n<p style=\"padding-left: 30px; text-align: justify;\">Die Regelungen zu den Terminservicestellen gelten f\u00fcr den zahn\u00e4rztlichen Bereich ausdr\u00fccklich nicht (\u00a7 75 Abs. 1a S. 12 SGB V).<\/p>\n<p style=\"padding-left: 30px; text-align: justify;\">Auch die in der vertrags\u00e4rztlichen Versorgung viel diskutierten Regelungen betreffend das Ausschreibungsverfahren bei vertrags\u00e4rztlichen Zulassungen zum Abbau von \u00dcberversorgung spielen in der vertragszahn\u00e4rztlichen Versorgung keine Rolle, da die Vorschriften nicht anwendbar sind (\u00a7 103 Abs. 8 SGB V).<\/p>\n<p>&nbsp;<\/p>\n<p>Mit herzlichen Dank an:<br \/>\nDr. Halbe Rechtsanw\u00e4lte<br \/>\nHamburg-K\u00f6ln-Berlin<br \/>\nZahn\u00e4rzte-<a href=\"http:\/\/www.medizinrecht-aktuell.de\/newsletter\/\" target=\"_blank\">Newsletter<\/a> vom 10.07.2015<br \/>\n<a href=\"http:\/\/www.medizinrecht-aktuell.de\/\" target=\"_blank\">www.medizinrecht-aktuell.de<\/a><\/p>\n<p>&nbsp;<\/p>\n<p>Detail:<\/p>\n<ul>\n<li>Bundesrat, Drucksache 283\/15:<br \/>\n<a href=\"http:\/\/www.bundesrat.de\/drs.html?id=283-15%28B%29\" target=\"_blank\">Entschlie\u00dfung zum Gesetz zur St\u00e4rkung der Versorgung in der gesetzlichen Krankenversicherung<\/a><\/li>\n<\/ul>\n","protected":false},"excerpt":{"rendered":"<p>Das Gesetz zur St\u00e4rkung der Versorgung in der gesetzlichen Krankenversicherung (GKV-VSG) hat heute den Bundesrat passiert (TOP 3). Das Gesetz soll insbesondere die Medizinische Betreuung auf dem Land verbessern. Es [&#8230;]<\/p>\n","protected":false},"author":13,"featured_media":0,"comment_status":"closed","ping_status":"closed","sticky":false,"template":"","format":"standard","meta":{"ngg_post_thumbnail":0,"iawp_total_views":1,"footnotes":""},"categories":[68],"tags":[],"class_list":["post-12352","post","type-post","status-publish","format-standard","hentry","category-recht"],"_links":{"self":[{"href":"https:\/\/iuzb.de\/index.php?rest_route=\/wp\/v2\/posts\/12352","targetHints":{"allow":["GET"]}}],"collection":[{"href":"https:\/\/iuzb.de\/index.php?rest_route=\/wp\/v2\/posts"}],"about":[{"href":"https:\/\/iuzb.de\/index.php?rest_route=\/wp\/v2\/types\/post"}],"author":[{"embeddable":true,"href":"https:\/\/iuzb.de\/index.php?rest_route=\/wp\/v2\/users\/13"}],"replies":[{"embeddable":true,"href":"https:\/\/iuzb.de\/index.php?rest_route=%2Fwp%2Fv2%2Fcomments&post=12352"}],"version-history":[{"count":1,"href":"https:\/\/iuzb.de\/index.php?rest_route=\/wp\/v2\/posts\/12352\/revisions"}],"predecessor-version":[{"id":15654,"href":"https:\/\/iuzb.de\/index.php?rest_route=\/wp\/v2\/posts\/12352\/revisions\/15654"}],"wp:attachment":[{"href":"https:\/\/iuzb.de\/index.php?rest_route=%2Fwp%2Fv2%2Fmedia&parent=12352"}],"wp:term":[{"taxonomy":"category","embeddable":true,"href":"https:\/\/iuzb.de\/index.php?rest_route=%2Fwp%2Fv2%2Fcategories&post=12352"},{"taxonomy":"post_tag","embeddable":true,"href":"https:\/\/iuzb.de\/index.php?rest_route=%2Fwp%2Fv2%2Ftags&post=12352"}],"curies":[{"name":"wp","href":"https:\/\/api.w.org\/{rel}","templated":true}]}}