{"id":1219,"date":"2010-02-26T09:56:00","date_gmt":"2010-02-26T07:56:00","guid":{"rendered":"http:\/\/www.iuzb.org\/wordpress\/?p=1219"},"modified":"2016-12-06T14:20:48","modified_gmt":"2016-12-06T13:20:48","slug":"zak-berlin-wie-glaubwurdig-ist-die-offentlichkeitsarbeit-der-berliner-zahnarztekammer","status":"publish","type":"post","link":"https:\/\/iuzb.de\/?p=1219","title":{"rendered":"Z\u00c4K Berlin: Wie glaubw\u00fcrdig ist die \u00d6ffentlichkeitsarbeit der Berliner Zahn\u00e4rztekammer?"},"content":{"rendered":"<p>&nbsp;<\/p>\n<p>&nbsp;<\/p>\n<p align=\"center\"><a href=\"http:\/\/rtl-now.rtl.de\/aktuell.php?container_id=34515&amp;player=1\" target=\"_blank\"><img loading=\"lazy\" decoding=\"async\" class=\"aligncenter size-full wp-image-17882\" src=\"https:\/\/iuzb.de\/wp-content\/uploads\/2010\/02\/rtl-kesler-3.jpg\" alt=\"rtl-kesler-3\" width=\"450\" height=\"316\" srcset=\"https:\/\/iuzb.de\/wp-content\/uploads\/2010\/02\/rtl-kesler-3.jpg 450w, https:\/\/iuzb.de\/wp-content\/uploads\/2010\/02\/rtl-kesler-3-300x211.jpg 300w\" sizes=\"auto, (max-width: 450px) 100vw, 450px\" \/><\/a><\/p>\n<p align=\"center\"><a href=\"http:\/\/www.drkesler.de\/index_1.html\" target=\"_blank\">Dr. Kesler<\/a> als &#8222;<strong>Vertrauenszahnarzt&#8220;<\/strong><br \/>\nin einer Aktion &#8222;<strong>Versteckte Kamera<\/strong> &#8220; bei <a href=\"http:\/\/rtl-now.rtl.de\/aktuell.php?container_id=34515&amp;player=1\" target=\"_blank\">RTL Aktuell<\/a>.<\/p>\n<p align=\"center\">Er ist Vorstandsmitglied der Berliner Zahn\u00e4rztekammer, dort f\u00fcr das <a href=\"http:\/\/www.zaek-berlin.de\/zahnaerzte\/goz\/goz-referat.html?no_cache=1\" target=\"_blank\">GOZ-Referat<\/a> zust\u00e4ndig<br \/>\nund geh\u00f6rt als <a href=\"http:\/\/www.zahnaerzteverband-berlin.de\/dv.php\" target=\"_blank\">Bezirksdelegierter<\/a> dem Verband der Zahn\u00e4rzte von Berlin e. V. an.<\/p>\n<p align=\"center\">Sein Verband tritt mit dieser Meldung an die \u00d6ffentlichkeit<\/p>\n<p align=\"center\"><a href=\"http:\/\/www.zahnaerzteverband-berlin.de\/media\/File\/BZZ%202010-01--web.pdf\"><img loading=\"lazy\" decoding=\"async\" class=\"aligncenter size-full wp-image-17885\" src=\"https:\/\/iuzb.de\/wp-content\/uploads\/2010\/02\/fleischwolf-journalismus-3.jpg\" alt=\"fleischwolf-journalismus-3\" width=\"335\" height=\"228\" srcset=\"https:\/\/iuzb.de\/wp-content\/uploads\/2010\/02\/fleischwolf-journalismus-3.jpg 335w, https:\/\/iuzb.de\/wp-content\/uploads\/2010\/02\/fleischwolf-journalismus-3-300x204.jpg 300w\" sizes=\"auto, (max-width: 335px) 100vw, 335px\" \/><\/a><\/p>\n<p align=\"center\">mit welcher der Verband der Zahn\u00e4rzte von Berlin populistisch aufgeblasen<br \/>\nden &#8222;Fleischwolf-Journalismus&#8220; anprangert und gleich einleitend die Feststellung trifft:<\/p>\n<p align=\"center\">&#8222;<strong>Was sind das f\u00fcr hinterh\u00e4ltige Medien in diesem Land!&#8220;<\/strong><\/p>\n<p align=\"center\">In Bezug auf &#8222;Versteckte-Kamera-Aktionen&#8220;<br \/>\nhat die Berliner Zahn\u00e4rztekammer<br \/>\nauf ihrer Website folgenden <strong><a href=\"http:\/\/www.zaek-berlin.de\/presse.html?no_cache=1\" target=\"_blank\">Ehrenkodex<\/a><\/strong> ver\u00f6ffentlicht:<\/p>\n<p align=\"center\"><img loading=\"lazy\" decoding=\"async\" class=\"aligncenter size-full wp-image-17890\" src=\"https:\/\/iuzb.de\/wp-content\/uploads\/2010\/02\/pressestelleehrenkodex-a-1.jpg\" alt=\"pressestelleehrenkodex-a-1\" width=\"729\" height=\"80\" srcset=\"https:\/\/iuzb.de\/wp-content\/uploads\/2010\/02\/pressestelleehrenkodex-a-1.jpg 729w, https:\/\/iuzb.de\/wp-content\/uploads\/2010\/02\/pressestelleehrenkodex-a-1-300x33.jpg 300w\" sizes=\"auto, (max-width: 729px) 100vw, 729px\" \/><\/p>\n<p align=\"center\">Die IUZB ist seit der Auffassung, dass die organisatorische und inhaltliche<br \/>\n\u00d6ffentlichkeitsarbeit der Berliner Zahn\u00e4rztekammer einer Revision bedarf.<\/p>\n<p align=\"center\">Wir verweisen diesbez\u00fcglich auf unsere Meldung vom 12. Januar 2010:<br \/>\n&#8220; <a href=\"http:\/\/www.iuzb.de\/?p=1147\" target=\"_blank\">DV Antrag der IUZB zur \u201cPressestelle der Berliner Zahn\u00e4rzte\u201d<\/a> &#8222;<\/p>\n<p align=\"center\"><span style=\"color: white;\">.<\/span><\/p>\n<p align=\"center\"><u>PS.<\/u><br \/>\nDank an die Kollegen von Berlins Unabh\u00e4ngigen Zahn\u00e4rzten (BUZ) e. V.,<br \/>\nwelche aufgepasst und vorstehende Informationen (<a href=\"http:\/\/www.drdohmeier.de\/?p=1347\" target=\"_blank\">hier<\/a> und <a href=\"http:\/\/www.drdohmeier.de\/?p=1377\" target=\"_blank\">hier<\/a>)<br \/>\nvor uns zusammengetragen haben.<\/p>\n<p align=\"center\"><span style=\"color: white;\">..<\/span><\/p>\n","protected":false},"excerpt":{"rendered":"<p>&nbsp; &nbsp; Dr. Kesler als &#8222;Vertrauenszahnarzt&#8220; in einer Aktion &#8222;Versteckte Kamera &#8220; bei RTL Aktuell. Er ist Vorstandsmitglied der Berliner Zahn\u00e4rztekammer, dort f\u00fcr das GOZ-Referat zust\u00e4ndig und geh\u00f6rt als Bezirksdelegierter [&#8230;]<\/p>\n","protected":false},"author":13,"featured_media":0,"comment_status":"closed","ping_status":"closed","sticky":false,"template":"","format":"standard","meta":{"ngg_post_thumbnail":0,"iawp_total_views":6,"footnotes":""},"categories":[95,46],"tags":[],"class_list":["post-1219","post","type-post","status-publish","format-standard","hentry","category-vdzvb","category-zahnaerztekammer-berlin"],"_links":{"self":[{"href":"https:\/\/iuzb.de\/index.php?rest_route=\/wp\/v2\/posts\/1219","targetHints":{"allow":["GET"]}}],"collection":[{"href":"https:\/\/iuzb.de\/index.php?rest_route=\/wp\/v2\/posts"}],"about":[{"href":"https:\/\/iuzb.de\/index.php?rest_route=\/wp\/v2\/types\/post"}],"author":[{"embeddable":true,"href":"https:\/\/iuzb.de\/index.php?rest_route=\/wp\/v2\/users\/13"}],"replies":[{"embeddable":true,"href":"https:\/\/iuzb.de\/index.php?rest_route=%2Fwp%2Fv2%2Fcomments&post=1219"}],"version-history":[{"count":8,"href":"https:\/\/iuzb.de\/index.php?rest_route=\/wp\/v2\/posts\/1219\/revisions"}],"predecessor-version":[{"id":17892,"href":"https:\/\/iuzb.de\/index.php?rest_route=\/wp\/v2\/posts\/1219\/revisions\/17892"}],"wp:attachment":[{"href":"https:\/\/iuzb.de\/index.php?rest_route=%2Fwp%2Fv2%2Fmedia&parent=1219"}],"wp:term":[{"taxonomy":"category","embeddable":true,"href":"https:\/\/iuzb.de\/index.php?rest_route=%2Fwp%2Fv2%2Fcategories&post=1219"},{"taxonomy":"post_tag","embeddable":true,"href":"https:\/\/iuzb.de\/index.php?rest_route=%2Fwp%2Fv2%2Ftags&post=1219"}],"curies":[{"name":"wp","href":"https:\/\/api.w.org\/{rel}","templated":true}]}}