{"id":12097,"date":"2015-06-12T10:53:52","date_gmt":"2015-06-12T09:53:52","guid":{"rendered":"http:\/\/www.iuzb.org\/wordpress\/?p=12097"},"modified":"2016-11-14T08:52:26","modified_gmt":"2016-11-14T07:52:26","slug":"wichtiges-bgh-tierhalterurteil-pferde-hunde","status":"publish","type":"post","link":"https:\/\/iuzb.de\/?p=12097","title":{"rendered":"Wichtiges BGH Tierhalterurteil: Pferde, Hunde&#8230;. (Hamster und Schildkr\u00f6ten eher nicht)"},"content":{"rendered":"<p style=\"text-align: justify;\">Zwar nicht so ganz unser Thema. Da sich aber unter unseren LeserInnen sicher auch viele Tierhalter befinden, ist das Urteil des Bundesgerichtshofs vom 27.01.2015 (<a href=\"http:\/\/juris.bundesgerichtshof.de\/cgi-bin\/rechtsprechung\/document.py?Gericht=bgh&amp;Art=en&amp;sid=03293ae92541f3a1565dd93384c9aec1&amp;nr=70519&amp;pos=28&amp;anz=33\" target=\"_blank\">VI ZR 467\/13<\/a>) interessant. Das Urteil betrifft die Haftungsfrage in den F\u00e4llen, in denen sich Tiere in einer Gruppe befinden und es aus der Tiergruppe heraus zur Sch\u00e4digung einer Person kommt. Tierhalter haften demnach f\u00fcr ihr Tier nicht nur unmittelbar, sondern auch mittelbar.<\/p>\n<p style=\"text-align: justify;\">Im vorliegenden Fall, \u00fcber den der BGH zu entscheiden hatte, erlitt ein Mountainbikefahrer in Folge eines Sturzes eine Querschnittsl\u00e4hmung, weil eine Gruppe von f\u00fcnf von Jugendlichen berittenen Ponys durchging und ihn dabei auf einem Feldweg zu Fall brachte. Die Haftung beschr\u00e4nkte sich hier im Ergebnis nicht nur auf das Pony, welches den Radfahrer unmittelbar zu Fall brachte, sondern ebenso auch die anderen vier mittelbar beteiligten Ponys.<\/p>\n<p style=\"text-align: justify;\">Der BGH:<\/p>\n<blockquote><p>F\u00fcr die Haftungsbegr\u00fcndung des Tierhalters muss die von dem Tier ausgehende Gefahr nicht die einzige Ursache des eingetretenen Unfalls sein. Die Mitverursachung oder blo\u00df mittelbare Verursachung ist ausreichend.<\/p><\/blockquote>\n<p style=\"text-align: justify;\"><span style=\"color: #ffffff;\">.<\/span><\/p>\n<p style=\"text-align: justify;\"><span style=\"color: #ffffff;\">.<\/span><\/p>\n<p>PS.<\/p>\n<p style=\"text-align: justify;\">Ich habe im vergangenen Jahr eine Hundehalterhaftpflichtversicherung abgeschlossen. Dabei habe ich festgestellt, dass es auch hier unterschiedliche Angebote gibt. In meiner Versicherung ist zum Beispiel ausdr\u00fccklich auch die Haftung f\u00fcr den Fall mitversichert, falls ich einmal gegen eine Anleinpflicht versto\u00dfen sollte, sowie f\u00fcr Sch\u00e4den in Mietr\u00e4umen (z. B. in einer Ferienwohnung). Auch eine Forderungsausfalldeckung ist mitversichert. Diese greift zum Beispiel in den F\u00e4llen, wo ich von einem anderen Hund verletzt werde und falls f\u00fcr diesen Hund kein Versicherungsschutz besteht, bzw. der Hundehalter f\u00fcr den finanziellen Schaden nicht aufkommen kann.<\/p>\n<p style=\"text-align: justify;\">In meiner fr\u00fcheren Versicherung waren diese Regelungen nicht enthalten.<\/p>\n<p><a href=\"http:\/\/www.iuzb.org\/wordpress\/wp-content\/uploads\/2015\/06\/2015-05-31-Timmy-am-Gemuende-DSC00273.jpg\" target=\"_blank\"><img loading=\"lazy\" decoding=\"async\" class=\"alignnone wp-image-12100\" src=\"http:\/\/www.iuzb.org\/wordpress\/wp-content\/uploads\/2015\/06\/2015-05-31-Timmy-am-Gemuende-DSC00273.jpg\" alt=\"2015-05-31 Timmy am Gemuende DSC00273\" width=\"800\" height=\"600\" \/><\/a><\/p>\n<p>&nbsp;<\/p>\n","protected":false},"excerpt":{"rendered":"<p>Zwar nicht so ganz unser Thema. Da sich aber unter unseren LeserInnen sicher auch viele Tierhalter befinden, ist das Urteil des Bundesgerichtshofs vom 27.01.2015 (VI ZR 467\/13) interessant. Das Urteil [&#8230;]<\/p>\n","protected":false},"author":13,"featured_media":0,"comment_status":"closed","ping_status":"closed","sticky":false,"template":"","format":"standard","meta":{"ngg_post_thumbnail":0,"iawp_total_views":1,"footnotes":""},"categories":[82],"tags":[],"class_list":["post-12097","post","type-post","status-publish","format-standard","hentry","category-bgh"],"_links":{"self":[{"href":"https:\/\/iuzb.de\/index.php?rest_route=\/wp\/v2\/posts\/12097","targetHints":{"allow":["GET"]}}],"collection":[{"href":"https:\/\/iuzb.de\/index.php?rest_route=\/wp\/v2\/posts"}],"about":[{"href":"https:\/\/iuzb.de\/index.php?rest_route=\/wp\/v2\/types\/post"}],"author":[{"embeddable":true,"href":"https:\/\/iuzb.de\/index.php?rest_route=\/wp\/v2\/users\/13"}],"replies":[{"embeddable":true,"href":"https:\/\/iuzb.de\/index.php?rest_route=%2Fwp%2Fv2%2Fcomments&post=12097"}],"version-history":[{"count":1,"href":"https:\/\/iuzb.de\/index.php?rest_route=\/wp\/v2\/posts\/12097\/revisions"}],"predecessor-version":[{"id":15656,"href":"https:\/\/iuzb.de\/index.php?rest_route=\/wp\/v2\/posts\/12097\/revisions\/15656"}],"wp:attachment":[{"href":"https:\/\/iuzb.de\/index.php?rest_route=%2Fwp%2Fv2%2Fmedia&parent=12097"}],"wp:term":[{"taxonomy":"category","embeddable":true,"href":"https:\/\/iuzb.de\/index.php?rest_route=%2Fwp%2Fv2%2Fcategories&post=12097"},{"taxonomy":"post_tag","embeddable":true,"href":"https:\/\/iuzb.de\/index.php?rest_route=%2Fwp%2Fv2%2Ftags&post=12097"}],"curies":[{"name":"wp","href":"https:\/\/api.w.org\/{rel}","templated":true}]}}