{"id":11822,"date":"2015-05-12T12:40:35","date_gmt":"2015-05-12T11:40:35","guid":{"rendered":"http:\/\/www.iuzb.org\/wordpress\/?p=11822"},"modified":"2016-11-20T13:36:49","modified_gmt":"2016-11-20T12:36:49","slug":"verband-der-zahnaerzte-von-berlin-laesst-schreiben-nach-frage-des-autoren-unbeantwortet","status":"publish","type":"post","link":"https:\/\/iuzb.de\/?p=11822","title":{"rendered":"Verband der Zahn\u00e4rzte von Berlin l\u00e4sst Schreiben nach Frage des Autoren unbeantwortet"},"content":{"rendered":"<p style=\"text-align: justify;\"><a href=\"https:\/\/iuzb.de\/wp-content\/uploads\/2015\/05\/2015-05-04-Dr.-Weiss-an-VdZvB.pdf\" target=\"_blank\"><img loading=\"lazy\" decoding=\"async\" class=\"alignright size-full wp-image-16323\" src=\"https:\/\/iuzb.de\/wp-content\/uploads\/2015\/05\/2015-05-04-Dr.-Weiss-an-VdZvB-220x300.jpg\" alt=\"2015-05-04-dr-weiss-an-vdzvb-220x300\" width=\"220\" height=\"300\" \/><\/a>Im Vorfeld zum <a href=\"http:\/\/www.iuzb.org\/wordpress\/?p=11755\" target=\"_blank\">Offenen Brief<\/a> unseres Vorstandsmitgliedes Herrn Dr. Dohmeier-de Haan (BUZ) vom 06. Mai 2015, hatte sich auch unser Vorstandsmitglied Herr Dr. Wei\u00df (GpZ) am 04. Mai 2015 wegen des anonymen Editorials &#8222;Es ist schon befremdend, nicht mehr ganz logisch, das Ganze!&#8220; in der &#8222;Berliner Zahn\u00e4rzte Zeitung&#8220; Ausgabe April 2015 mit einer Anfrage an den Verband der Zahn\u00e4rzte von Berlin gewandt und &#8211; keine Antwort erhalten!<\/p>\n<p style=\"text-align: justify;\">Bitte lesen Sie:<\/p>\n<ul style=\"text-align: justify;\">\n<li><strong>Ein anonymes Editorial ?<\/strong><br \/>\n<span style=\"color: #ff0000;\">Der Verband der Zahn\u00e4rzte von Berlin macht das Unm\u00f6gliche m\u00f6glich!<\/span> &#8211; <a href=\"http:\/\/www.gpz-in-berlin.de\/ein-anonymes-editorial\/\" target=\"_blank\">lesen<\/a><\/li>\n<\/ul>\n<p style=\"text-align: justify;\">Falls Sie die April-Ausgabe der &#8222;BZZ&#8220; nicht zur Hand haben, so k\u00f6nnen sie das anonyme Editorial demn\u00e4chst <a href=\"http:\/\/zahnaerzteverband-berlin.de\/bzz.php\" target=\"_blank\">hier<\/a> online lesen.<\/p>\n<p><span style=\"color: #ffffff;\">.<\/span><\/p>\n","protected":false},"excerpt":{"rendered":"<p>Im Vorfeld zum Offenen Brief unseres Vorstandsmitgliedes Herrn Dr. Dohmeier-de Haan (BUZ) vom 06. Mai 2015, hatte sich auch unser Vorstandsmitglied Herr Dr. Wei\u00df (GpZ) am 04. Mai 2015 wegen [&#8230;]<\/p>\n","protected":false},"author":13,"featured_media":0,"comment_status":"closed","ping_status":"closed","sticky":false,"template":"","format":"standard","meta":{"ngg_post_thumbnail":0,"iawp_total_views":3,"footnotes":""},"categories":[95],"tags":[],"class_list":["post-11822","post","type-post","status-publish","format-standard","hentry","category-vdzvb"],"_links":{"self":[{"href":"https:\/\/iuzb.de\/index.php?rest_route=\/wp\/v2\/posts\/11822","targetHints":{"allow":["GET"]}}],"collection":[{"href":"https:\/\/iuzb.de\/index.php?rest_route=\/wp\/v2\/posts"}],"about":[{"href":"https:\/\/iuzb.de\/index.php?rest_route=\/wp\/v2\/types\/post"}],"author":[{"embeddable":true,"href":"https:\/\/iuzb.de\/index.php?rest_route=\/wp\/v2\/users\/13"}],"replies":[{"embeddable":true,"href":"https:\/\/iuzb.de\/index.php?rest_route=%2Fwp%2Fv2%2Fcomments&post=11822"}],"version-history":[{"count":2,"href":"https:\/\/iuzb.de\/index.php?rest_route=\/wp\/v2\/posts\/11822\/revisions"}],"predecessor-version":[{"id":16324,"href":"https:\/\/iuzb.de\/index.php?rest_route=\/wp\/v2\/posts\/11822\/revisions\/16324"}],"wp:attachment":[{"href":"https:\/\/iuzb.de\/index.php?rest_route=%2Fwp%2Fv2%2Fmedia&parent=11822"}],"wp:term":[{"taxonomy":"category","embeddable":true,"href":"https:\/\/iuzb.de\/index.php?rest_route=%2Fwp%2Fv2%2Fcategories&post=11822"},{"taxonomy":"post_tag","embeddable":true,"href":"https:\/\/iuzb.de\/index.php?rest_route=%2Fwp%2Fv2%2Ftags&post=11822"}],"curies":[{"name":"wp","href":"https:\/\/api.w.org\/{rel}","templated":true}]}}