{"id":1147,"date":"2010-01-12T20:20:44","date_gmt":"2010-01-12T18:20:44","guid":{"rendered":"http:\/\/www.iuzb.org\/wordpress\/?p=1147"},"modified":"2016-12-01T08:21:05","modified_gmt":"2016-12-01T07:21:05","slug":"dv-antrag-der-iuzb-zur-pressestelle-der-berliner-zahnarzte","status":"publish","type":"post","link":"https:\/\/iuzb.de\/?p=1147","title":{"rendered":"DV Antrag der IUZB zur &#8222;Pressestelle der Berliner Zahn\u00e4rzte&#8220;"},"content":{"rendered":"<p><a href=\"https:\/\/iuzb.de\/wp-content\/uploads\/2010\/01\/DV_Antrag_-_Pressestelle-1.pdf\" target=\"_blank\"><img loading=\"lazy\" decoding=\"async\" class=\"alignnone size-medium wp-image-17315\" src=\"https:\/\/iuzb.de\/wp-content\/uploads\/2010\/01\/anschreibenantrag12.01.2010-228x300.jpg\" alt=\"anschreibenantrag12-01-2010\" width=\"228\" height=\"300\" srcset=\"https:\/\/iuzb.de\/wp-content\/uploads\/2010\/01\/anschreibenantrag12.01.2010-228x300.jpg 228w, https:\/\/iuzb.de\/wp-content\/uploads\/2010\/01\/anschreibenantrag12.01.2010.jpg 680w\" sizes=\"auto, (max-width: 228px) 100vw, 228px\" \/><\/a><\/p>\n<p><strong>Antr\u00e4ge zur Delegiertenversammlung der Berliner Zahn\u00e4rztekammer am 11.02.2010<br \/>\nBetrifft: Organisation des Referats Presse- und \u00d6ffentlichkeitsarbeit<\/strong><\/p>\n<p>Die Delegiertenversammlung m\u00f6ge beschlie\u00dfen:<\/p>\n<p><strong>Antrag 1<\/strong> &#8211; Der Vorstand der Z\u00c4K Berlin wird aufgefordert:<\/p>\n<ul>\n<li>Daf\u00fcr zu sorgen, dass die mit der derzeitigen Pressesprecherin vereinbarte \u201eSchutzklausel\u201c von ihr eingehalten wird.<\/li>\n<\/ul>\n<p><strong>Antrag 2<\/strong> &#8211; Der Vorstand der Z\u00c4K Berlin wird aufgefordert:<\/p>\n<ul>\n<li>a) Die Ausgliederung der Pressestelle zu beenden.<\/li>\n<li>b) Die Presse- und \u00d6ffentlichkeitsarbeit in Eigenregie auszuf\u00fchren.<\/li>\n<li>c) Daf\u00fcr notwendige Stellen mit eigenem, fest angestellten und nur der Z\u00c4K Berlin verpflichteten Dienstpersonal zu besetzen.<\/li>\n<\/ul>\n<p><strong><span style=\"text-decoration: underline;\">Begr\u00fcndung<\/span><\/strong><\/p>\n<p style=\"text-align: justify;\">Die Berliner Zahn\u00e4rztekammer ist die Standesvertretung der gesamten Berliner Zahn\u00e4rzteschaft.<\/p>\n<p style=\"text-align: justify;\">Der \u00d6ffentlichkeitsarbeit der Berliner Zahn\u00e4rztekammer kommt daher sowohl als eigene berufsst\u00e4ndische Interessenvertretung, als auch im Rahmen ihrer Zust\u00e4ndigkeiten als \u201eb\u00fcrgernahe K\u00f6rperschaft\u201c eine besondere Bedeutung zu.<\/p>\n<p style=\"text-align: justify;\">Aus Gr\u00fcnden des Vertrauensschutzes ist es notwendig sicherzustellen, dass kammer- und berufspolitisch interne Informationen, wie sie in Bezug auf die \u00d6ffentlichkeitsarbeit regelm\u00e4\u00dfig anfallen, unbedingt im Hause verbleiben und f\u00fcr Dritte weder direkt noch indirekt zug\u00e4nglich sein d\u00fcrfen. Die Kammer ist hierbei verpflichtet nicht erst dann t\u00e4tig zu werden, wenn eine Informationsverletzung tats\u00e4chlich vorliegt, vielmehr hat sie ebenfalls sicherzustellen, dass auch m\u00f6gliche Informationsverletzungen ausgeschlossen werden (\u201eVorfeldsicherung\u201c).<\/p>\n<p style=\"text-align: justify;\">Aus diesen Gr\u00fcnden wurde mit der derzeitigen Pressesprecherin vertraglich eine \u201eSchutzklausel\u201c zugunsten der Berliner Zahn\u00e4rztekammer vereinbart.<\/p>\n<p style=\"text-align: justify;\"><span style=\"color: red;\">Aus den in unseren Schreiben vom<\/span> <strong>17. Juni 2009<\/strong> <span style=\"color: red;\">(<a href=\"https:\/\/iuzb.de\/wp-content\/uploads\/2010\/01\/Anlage_3_-_17.06.2009_-_anonymsiert.pdf\" target=\"_blank\">Anlage 3<\/a>) dargelegten Gr\u00fcnden vertreten wir die Ansicht, dass eine inakzeptable Verletzung der Schutzklausel durch die Pressesprecherin vorliegt!<\/span><\/p>\n<p style=\"text-align: justify;\"><strong>Wir stellen daher den Antrag zu 1.<\/strong><\/p>\n<p style=\"text-align: justify;\">Um von vornherein derartige \u201eInteressen\u00fcberschneidungen\u201c, wie sie jetzt gegeben sind, zu verhindern, ist es am sinnvollsten, dass alle Angelegenheiten betreffend der \u00d6ffentlichkeitsarbeit nur von Dienstkr\u00e4ften erledigt werden, welche ausschlie\u00dflich der Kammer und nicht auch anderen Organisationen verpflichtet sind.<\/p>\n<p style=\"text-align: justify;\"><strong>Wir stellen daher den Antrag zu 2.<\/strong><\/p>\n<p style=\"text-align: justify;\">Ansonsten wird auf den von der IUZB mit dem Kammerpr\u00e4sidenten gef\u00fchrten Schriftwechsel verwiesen:<br \/>\n<strong>&#8211; <a href=\"https:\/\/iuzb.de\/wp-content\/uploads\/2010\/01\/Anlage_1_-_24.02.2009.pdf\" target=\"_blank\">Anlage 1<\/a>:<\/strong> Anfrage IUZB an Z\u00c4K vom 24.02.2009<br \/>\n<strong>&#8211; <a href=\"https:\/\/iuzb.de\/wp-content\/uploads\/2010\/01\/Anlage_2_-_05.05.2009_-_anonymisiert.pdf\" target=\"_blank\">Anlage 2<\/a>:<\/strong> Antwort Z\u00c4K vom 05.05.2009<br \/>\n<strong>&#8211; <a href=\"https:\/\/iuzb.de\/wp-content\/uploads\/2010\/01\/Anlage_3_-_17.06.2009_-_anonymsiert.pdf\" target=\"_blank\">Anlage 3<\/a>:<\/strong> Anfrage IUZB an Z\u00c4K vom 17.06.2009<br \/>\n<strong>&#8211; <a href=\"https:\/\/iuzb.de\/wp-content\/uploads\/2010\/01\/Anlage_4_-_09.07.2009_-_anonymisiert.pdf\" target=\"_blank\">Anlage 4<\/a>:<\/strong> Antwort Z\u00c4K vom 09.07.2009<\/p>\n<p>&nbsp;<\/p>\n<p><strong>gez. Gerhard Gneist<br \/>\n<\/strong><strong>gez. Karola Hein<br \/>\n<\/strong>Beide als Delegierte der Z\u00c4K Berlin<\/p>\n<p>&nbsp;<\/p>\n","protected":false},"excerpt":{"rendered":"<p>Antr\u00e4ge zur Delegiertenversammlung der Berliner Zahn\u00e4rztekammer am 11.02.2010 Betrifft: Organisation des Referats Presse- und \u00d6ffentlichkeitsarbeit Die Delegiertenversammlung m\u00f6ge beschlie\u00dfen: Antrag 1 &#8211; Der Vorstand der Z\u00c4K Berlin wird aufgefordert: Daf\u00fcr [&#8230;]<\/p>\n","protected":false},"author":13,"featured_media":0,"comment_status":"closed","ping_status":"closed","sticky":false,"template":"","format":"standard","meta":{"ngg_post_thumbnail":0,"iawp_total_views":1,"footnotes":""},"categories":[46],"tags":[],"class_list":["post-1147","post","type-post","status-publish","format-standard","hentry","category-zahnaerztekammer-berlin"],"_links":{"self":[{"href":"https:\/\/iuzb.de\/index.php?rest_route=\/wp\/v2\/posts\/1147","targetHints":{"allow":["GET"]}}],"collection":[{"href":"https:\/\/iuzb.de\/index.php?rest_route=\/wp\/v2\/posts"}],"about":[{"href":"https:\/\/iuzb.de\/index.php?rest_route=\/wp\/v2\/types\/post"}],"author":[{"embeddable":true,"href":"https:\/\/iuzb.de\/index.php?rest_route=\/wp\/v2\/users\/13"}],"replies":[{"embeddable":true,"href":"https:\/\/iuzb.de\/index.php?rest_route=%2Fwp%2Fv2%2Fcomments&post=1147"}],"version-history":[{"count":9,"href":"https:\/\/iuzb.de\/index.php?rest_route=\/wp\/v2\/posts\/1147\/revisions"}],"predecessor-version":[{"id":17328,"href":"https:\/\/iuzb.de\/index.php?rest_route=\/wp\/v2\/posts\/1147\/revisions\/17328"}],"wp:attachment":[{"href":"https:\/\/iuzb.de\/index.php?rest_route=%2Fwp%2Fv2%2Fmedia&parent=1147"}],"wp:term":[{"taxonomy":"category","embeddable":true,"href":"https:\/\/iuzb.de\/index.php?rest_route=%2Fwp%2Fv2%2Fcategories&post=1147"},{"taxonomy":"post_tag","embeddable":true,"href":"https:\/\/iuzb.de\/index.php?rest_route=%2Fwp%2Fv2%2Ftags&post=1147"}],"curies":[{"name":"wp","href":"https:\/\/api.w.org\/{rel}","templated":true}]}}