{"id":11468,"date":"2015-04-07T20:05:04","date_gmt":"2015-04-07T19:05:04","guid":{"rendered":"http:\/\/www.iuzb.org\/wordpress\/?p=11468"},"modified":"2016-11-20T14:02:48","modified_gmt":"2016-11-20T13:02:48","slug":"20-04-2015-einladung-19-vertreterversammlung-der-kzv-berlin","status":"publish","type":"post","link":"https:\/\/iuzb.de\/?p=11468","title":{"rendered":"20.04.2015: Einladung 19. Vertreterversammlung der KZV Berlin"},"content":{"rendered":"<ul>\n<li><strong>Montag, 20. April 2015<\/strong><\/li>\n<li><strong>19:00 Uhr<\/strong> c.t.<\/li>\n<li>ABBA Hotel, <a href=\"Lietzenburger%20Str. 89\" target=\"_blank\">Lietzenburger Str. 89<\/a>, 10719 Berlin<br \/>\nEs stehen Parkpl\u00e4tze in der Tiefgarage mit direktem Hotelzugang zur Verf\u00fcgung. Der Preis pro Stellplatz betr\u00e4gt EUR 2,00 pro Stunde.<\/li>\n<\/ul>\n<p>\u00a7 6 (5) der <a href=\"http:\/\/www.kzv-berlin.de\/fileadmin\/user_upload\/Publikationen\/Handbuch\/Satzung\/2015_Satzung.pdf\" target=\"_blank\">Satzung<\/a> der KZV Berlin:<br \/>\n<em>Die Sitzungen der VV sind f\u00fcr Mitglieder der Zahn\u00e4rztekammer Berlin \u00f6ffentlich, soweit sie sich nicht mit personellen Angelegenheiten oder Grundst\u00fccksgesch\u00e4ften befassen. \u00dcber die Anwesenheit anderer Personen entscheidet der Vorsitzende bzw. sein Stellvertreter im Einzelfall. Die VV kann die \u00d6ffentlichkeit f\u00fcr weitere Beratungspunkte in nicht\u00f6ffentlicher Sitzung ausschlie\u00dfen. Der Beschluss ist in \u00f6ffentlicher Sitzung bekannt zu geben.<\/em><\/p>\n<p><span style=\"color: #ffffff;\">.<\/span><\/p>\n<table style=\"width: 692.417px;\">\n<tbody>\n<tr>\n<td style=\"width: 64px;\">TOP 1<\/td>\n<td style=\"width: 576.417px;\">Begr\u00fc\u00dfung, Feststellung Anwesenheit, Totenehrung<\/td>\n<\/tr>\n<tr>\n<td style=\"width: 64px;\">TOP 2<\/td>\n<td style=\"width: 576.417px;\">Protokolle der VVen vom 13.10. und 01.12.2014<\/td>\n<\/tr>\n<tr>\n<td style=\"width: 64px;\">TOP 3<\/td>\n<td style=\"width: 576.417px;\">Bericht des <a href=\"http:\/\/www.kzv-berlin.de\/kzv-berlin\/organe-und-struktur\/vertreterversammlung\/die-vorsitzenden-der-vv.html\" target=\"_blank\">Vorsitzenden der VV<\/a><\/td>\n<\/tr>\n<tr>\n<td style=\"width: 64px;\">TOP 4<\/td>\n<td style=\"width: 576.417px;\">Bericht des <a href=\"http:\/\/www.kzv-berlin.de\/kzv-berlin\/organe-und-struktur\/ausschuesse.html\" target=\"_blank\">Vorsitzenden des Hauptausschusses<\/a><\/td>\n<\/tr>\n<tr>\n<td style=\"width: 64px;\">TOP 5<\/td>\n<td style=\"width: 576.417px;\">Bericht des <a href=\"http:\/\/www.kzv-berlin.de\/kzv-berlin\/organe-und-struktur\/vorstand.html\" target=\"_blank\">Vorstandes<\/a><\/td>\n<\/tr>\n<tr>\n<td style=\"width: 64px;\">TOP 6<\/td>\n<td style=\"width: 576.417px;\">Fragestunde<\/td>\n<\/tr>\n<tr>\n<td style=\"width: 64px;\">TOP 7<\/td>\n<td style=\"width: 576.417px;\">Antr\u00e4ge<br \/>\nFolgeantr\u00e4ge des Vorstandes (Anlage 1)<br \/>\n<span style=\"color: #ffffff;\">.<\/span><br \/>\n1) Erlass der Verwaltungskosten f\u00fcr abgerechnete Leistungen der<br \/>\nPraxis <a href=\"http:\/\/www.gebewo.de\/\" target=\"_blank\">GEBEWO<\/a> pro gGmbH, unter der verantwortlichen Leitung<br \/>\ndes Herrn Dr. Christian Bolstorff -8746- (ehemals MUT) f\u00fcr die<br \/>\nZeit ab 01.10.2014 bis 30.09.2015.<br \/>\n<span style=\"color: #ffffff;\">.<\/span><br \/>\n2) Erlass der Verwaltungskosten \u00fcber abgerechnete Leistungen f\u00fcr<br \/>\nden <a href=\"http:\/\/www.hvd-bb.de\/\" target=\"_blank\">Humanistischen Landesverband Berlin-Brandenburg<\/a> (HVD)<br \/>\n-8744-, unter der verantwortlichen Leitung der Zahn\u00e4rztin Karin<br \/>\nBackhaus f\u00fcr die Zeit ab 01.07.2015 bis 30.06.2016.<\/td>\n<\/tr>\n<tr>\n<td style=\"width: 64px;\">TOP 8<\/td>\n<td style=\"width: 576.417px;\">Wahl der Mitglieder und Stellvertreter f\u00fcr den Wahlausschuss 2016<\/td>\n<\/tr>\n<tr>\n<td style=\"width: 64px;\">TOP 9<\/td>\n<td style=\"width: 576.417px;\">\u201eKompetenzverteilung zwischen der VV und dem Vorstand der KZV\u2013<br \/>\nBerlin: \u201eKonsequenzen aus dem BSG-Urteil vom 30.10.2013\u201c \/<br \/>\nSchreiben von Frau Hein vom 02.02.2014\u201c (Anlage 2)<\/td>\n<\/tr>\n<tr>\n<td style=\"width: 64px;\">TOP 10<\/td>\n<td style=\"width: 576.417px;\">Verschiedenes<\/td>\n<\/tr>\n<\/tbody>\n<\/table>\n","protected":false},"excerpt":{"rendered":"<p>Montag, 20. April 2015 19:00 Uhr c.t. ABBA Hotel, Lietzenburger Str. 89, 10719 Berlin Es stehen Parkpl\u00e4tze in der Tiefgarage mit direktem Hotelzugang zur Verf\u00fcgung. Der Preis pro Stellplatz betr\u00e4gt [&#8230;]<\/p>\n","protected":false},"author":13,"featured_media":0,"comment_status":"closed","ping_status":"closed","sticky":false,"template":"","format":"standard","meta":{"ngg_post_thumbnail":0,"iawp_total_views":0,"footnotes":""},"categories":[97],"tags":[],"class_list":["post-11468","post","type-post","status-publish","format-standard","hentry","category-vertreterversammlung-kzv-berlin"],"_links":{"self":[{"href":"https:\/\/iuzb.de\/index.php?rest_route=\/wp\/v2\/posts\/11468","targetHints":{"allow":["GET"]}}],"collection":[{"href":"https:\/\/iuzb.de\/index.php?rest_route=\/wp\/v2\/posts"}],"about":[{"href":"https:\/\/iuzb.de\/index.php?rest_route=\/wp\/v2\/types\/post"}],"author":[{"embeddable":true,"href":"https:\/\/iuzb.de\/index.php?rest_route=\/wp\/v2\/users\/13"}],"replies":[{"embeddable":true,"href":"https:\/\/iuzb.de\/index.php?rest_route=%2Fwp%2Fv2%2Fcomments&post=11468"}],"version-history":[{"count":2,"href":"https:\/\/iuzb.de\/index.php?rest_route=\/wp\/v2\/posts\/11468\/revisions"}],"predecessor-version":[{"id":16329,"href":"https:\/\/iuzb.de\/index.php?rest_route=\/wp\/v2\/posts\/11468\/revisions\/16329"}],"wp:attachment":[{"href":"https:\/\/iuzb.de\/index.php?rest_route=%2Fwp%2Fv2%2Fmedia&parent=11468"}],"wp:term":[{"taxonomy":"category","embeddable":true,"href":"https:\/\/iuzb.de\/index.php?rest_route=%2Fwp%2Fv2%2Fcategories&post=11468"},{"taxonomy":"post_tag","embeddable":true,"href":"https:\/\/iuzb.de\/index.php?rest_route=%2Fwp%2Fv2%2Ftags&post=11468"}],"curies":[{"name":"wp","href":"https:\/\/api.w.org\/{rel}","templated":true}]}}