{"id":11384,"date":"2015-03-31T18:09:54","date_gmt":"2015-03-31T17:09:54","guid":{"rendered":"http:\/\/www.iuzb.org\/wordpress\/?p=11384"},"modified":"2016-11-22T17:05:41","modified_gmt":"2016-11-22T16:05:41","slug":"gerichtsverfahren-zum-informationsfreiheitsgesetz-und-auskuenften-nach-pressegesetz","status":"publish","type":"post","link":"https:\/\/iuzb.de\/?p=11384","title":{"rendered":"Gerichtsverfahren zum Berliner Informationsfreiheitsgesetz"},"content":{"rendered":"<p style=\"text-align: justify;\">Nachdem vor Einf\u00fchrung des Berliner Informationsfreiheitsgesetztes von dessen Kritikern in den Raum gestellt wurde, dass dieses Gesetz die \u00f6ffentliche Verwaltung l\u00e4hmen und die Verwaltung mit einer Klagewelle \u00fcberziehen w\u00fcrde, sieht die Realit\u00e4t ganz anders aus: Die Anzahl der Gerichtsverfahren in den Jahren von 2011 &#8211; 2015 liegen pro Jahr bei maximal bzw. unter einem Dutzend, jedenfalls soweit die Verfahren vor dem Oberverwaltungsgericht Berlin-Brandenburg gef\u00fchrt werden. \u00dcber die Anzahl der Verfahren, welche nach dem Berliner IFG vor dem Verwaltungsgericht gef\u00fchrt werden, hat der Senat keine Ahnung, da dar\u00fcber keine gesonderte statistische Erhebung erfolgt. Ebenfalls keine Ahnung hat der Senat \u00fcber die H\u00f6he der entstandenen Klagekosten, da dar\u00fcber ebenfalls keine statistische Erhebung erfolgt.<\/p>\n<p>Schriftliche Anfrage<br \/>\ndes Abgeordneten <a href=\"http:\/\/www.parlament-berlin.de\/de\/Abgeordnete\/Weiss-Simon\" target=\"_blank\">Dr. Simon Wei\u00df<\/a> (PIRATEN)<br \/>\nvom 04. M\u00e4rz 2015 und Antwort der Senatsverwaltung f\u00fcr Justiz und Verbraucherschutz vom 18.03.2015:<\/p>\n<h5 style=\"padding-left: 30px;\"><a href=\"http:\/\/pardok.parlament-berlin.de\/starweb\/adis\/citat\/VT\/17\/SchrAnfr\/S17-15664.pdf\" target=\"_blank\">Gerichtsverfahren zum Informationsfreiheitsgesetz und Ausk\u00fcnften nach Pressegesetz<\/a><\/h5>\n<p>&nbsp;<\/p>\n","protected":false},"excerpt":{"rendered":"<p>Nachdem vor Einf\u00fchrung des Berliner Informationsfreiheitsgesetztes von dessen Kritikern in den Raum gestellt wurde, dass dieses Gesetz die \u00f6ffentliche Verwaltung l\u00e4hmen und die Verwaltung mit einer Klagewelle \u00fcberziehen w\u00fcrde, sieht [&#8230;]<\/p>\n","protected":false},"author":13,"featured_media":0,"comment_status":"closed","ping_status":"closed","sticky":false,"template":"","format":"standard","meta":{"ngg_post_thumbnail":0,"iawp_total_views":0,"footnotes":""},"categories":[108],"tags":[],"class_list":["post-11384","post","type-post","status-publish","format-standard","hentry","category-datenschutz-und-informationsfreiheit"],"_links":{"self":[{"href":"https:\/\/iuzb.de\/index.php?rest_route=\/wp\/v2\/posts\/11384","targetHints":{"allow":["GET"]}}],"collection":[{"href":"https:\/\/iuzb.de\/index.php?rest_route=\/wp\/v2\/posts"}],"about":[{"href":"https:\/\/iuzb.de\/index.php?rest_route=\/wp\/v2\/types\/post"}],"author":[{"embeddable":true,"href":"https:\/\/iuzb.de\/index.php?rest_route=\/wp\/v2\/users\/13"}],"replies":[{"embeddable":true,"href":"https:\/\/iuzb.de\/index.php?rest_route=%2Fwp%2Fv2%2Fcomments&post=11384"}],"version-history":[{"count":1,"href":"https:\/\/iuzb.de\/index.php?rest_route=\/wp\/v2\/posts\/11384\/revisions"}],"predecessor-version":[{"id":16331,"href":"https:\/\/iuzb.de\/index.php?rest_route=\/wp\/v2\/posts\/11384\/revisions\/16331"}],"wp:attachment":[{"href":"https:\/\/iuzb.de\/index.php?rest_route=%2Fwp%2Fv2%2Fmedia&parent=11384"}],"wp:term":[{"taxonomy":"category","embeddable":true,"href":"https:\/\/iuzb.de\/index.php?rest_route=%2Fwp%2Fv2%2Fcategories&post=11384"},{"taxonomy":"post_tag","embeddable":true,"href":"https:\/\/iuzb.de\/index.php?rest_route=%2Fwp%2Fv2%2Ftags&post=11384"}],"curies":[{"name":"wp","href":"https:\/\/api.w.org\/{rel}","templated":true}]}}