{"id":11152,"date":"2015-03-11T09:29:02","date_gmt":"2015-03-11T08:29:02","guid":{"rendered":"http:\/\/www.iuzb.org\/wordpress\/?p=11152"},"modified":"2016-11-09T18:55:49","modified_gmt":"2016-11-09T17:55:49","slug":"eingegliederte-klinikaerzte-unterliegen-der-drv-rentenversicherungspflicht","status":"publish","type":"post","link":"https:\/\/iuzb.de\/?p=11152","title":{"rendered":"Sozialgericht: Eingegliederte Honorar-Klinik\u00e4rzte unterliegen auch der DRV-Rentenversicherungspflicht"},"content":{"rendered":"<ul>\n<li><a href=\"http:\/\/www.kostenlose-urteile.de\/SG-Dortmund_S-34-R-215313_In-die-Arbeitsorganisation-der-Station-eingegliederte-Klinikaerzte-sind-abhaengig-sozialversicherungspflichtig-beschaeftigt.news20728.htm\" target=\"_blank\">In die Arbeitsorganisation der Station eingegliederte Klinik\u00e4rzte sind abh\u00e4ngig sozial\u00adversicherungs\u00adpflichtig besch\u00e4ftigt<\/a><\/li>\n<li><a href=\"http:\/\/www.kma-online.de\/nachrichten\/recht\/honoraraerzte-klinik-muss-sozialbeitraege-fuer-aerzte-nachzahlen___id__34916___view.html\" target=\"_blank\">Klinik muss Sozialbeitr\u00e4ge f\u00fcr \u00c4rzte nachzahlen<\/a><\/li>\n<\/ul>\n<p>Sozialgericht Dortmund, S 34 R 2153\/13 vom ??.02.2015 (bisher leider noch nicht <a href=\"https:\/\/www.justiz.nrw.de\/Bibliothek\/nrwe2\/index.php#solrNrwe\" target=\"_blank\">ver\u00f6ffentlicht<\/a>)<\/p>\n<p>&nbsp;<\/p>\n<p>&nbsp;<\/p>\n","protected":false},"excerpt":{"rendered":"<p>In die Arbeitsorganisation der Station eingegliederte Klinik\u00e4rzte sind abh\u00e4ngig sozial\u00adversicherungs\u00adpflichtig besch\u00e4ftigt Klinik muss Sozialbeitr\u00e4ge f\u00fcr \u00c4rzte nachzahlen Sozialgericht Dortmund, S 34 R 2153\/13 vom ??.02.2015 (bisher leider noch nicht ver\u00f6ffentlicht) [&#8230;]<\/p>\n","protected":false},"author":13,"featured_media":0,"comment_status":"open","ping_status":"open","sticky":false,"template":"","format":"standard","meta":{"ngg_post_thumbnail":0,"iawp_total_views":0,"footnotes":""},"categories":[68],"tags":[],"class_list":["post-11152","post","type-post","status-publish","format-standard","hentry","category-recht"],"_links":{"self":[{"href":"https:\/\/iuzb.de\/index.php?rest_route=\/wp\/v2\/posts\/11152","targetHints":{"allow":["GET"]}}],"collection":[{"href":"https:\/\/iuzb.de\/index.php?rest_route=\/wp\/v2\/posts"}],"about":[{"href":"https:\/\/iuzb.de\/index.php?rest_route=\/wp\/v2\/types\/post"}],"author":[{"embeddable":true,"href":"https:\/\/iuzb.de\/index.php?rest_route=\/wp\/v2\/users\/13"}],"replies":[{"embeddable":true,"href":"https:\/\/iuzb.de\/index.php?rest_route=%2Fwp%2Fv2%2Fcomments&post=11152"}],"version-history":[{"count":1,"href":"https:\/\/iuzb.de\/index.php?rest_route=\/wp\/v2\/posts\/11152\/revisions"}],"predecessor-version":[{"id":15166,"href":"https:\/\/iuzb.de\/index.php?rest_route=\/wp\/v2\/posts\/11152\/revisions\/15166"}],"wp:attachment":[{"href":"https:\/\/iuzb.de\/index.php?rest_route=%2Fwp%2Fv2%2Fmedia&parent=11152"}],"wp:term":[{"taxonomy":"category","embeddable":true,"href":"https:\/\/iuzb.de\/index.php?rest_route=%2Fwp%2Fv2%2Fcategories&post=11152"},{"taxonomy":"post_tag","embeddable":true,"href":"https:\/\/iuzb.de\/index.php?rest_route=%2Fwp%2Fv2%2Ftags&post=11152"}],"curies":[{"name":"wp","href":"https:\/\/api.w.org\/{rel}","templated":true}]}}