{"id":11085,"date":"2015-03-05T08:49:28","date_gmt":"2015-03-05T07:49:28","guid":{"rendered":"http:\/\/www.iuzb.org\/wordpress\/?p=11085"},"modified":"2016-11-14T22:36:08","modified_gmt":"2016-11-14T21:36:08","slug":"mindestlohn-keine-anrechnung-von-urlaubsgeld-und-jaehrlicher-sonderzahlung","status":"publish","type":"post","link":"https:\/\/iuzb.de\/?p=11085","title":{"rendered":"Mindestlohn \u2013 Keine Anrechnung von Urlaubsgeld und j\u00e4hrlicher Sonderzahlung"},"content":{"rendered":"<p style=\"text-align: justify;\">Der Arbeitgeber darf ein zus\u00e4tzliches Urlaubsgeld und eine j\u00e4hrliche Sonderzahlung nicht auf den gesetzlichen Mindestlohn anrechnen. Eine \u00c4nderungsk\u00fcndigung, mit der eine derartige Anrechnung erreicht werden sollte, ist unwirksam. Dies hat das Arbeitsgericht Berlin entschieden.<\/p>\n<p style=\"text-align: justify;\">Die Arbeitnehmerin wurde von der Arbeitgeberin gegen eine Grundverg\u00fctung von 6,44 EUR je Stunde zuz\u00fcglich Leistungszulage und Schichtzuschl\u00e4gen besch\u00e4ftigt; sie erhielt ferner ein zus\u00e4tzliches Urlaubsgeld sowie eine nach Dauer der Betriebszugeh\u00f6rigkeit gestaffelte Jahressonderzahlung. Die Arbeitgeberin k\u00fcndigte das Arbeitsverh\u00e4ltnis und bot ihr gleichzeitig an, das Arbeitsverh\u00e4ltnis mit einem Stundenlohn von 8,50 EUR bei Wegfall der Leistungszulage, des zus\u00e4tzlichen Urlaubsgeldes und der Jahressonderzahlung fortzusetzen.<\/p>\n<p style=\"text-align: justify;\">Das Arbeitsgericht hat die \u00c4nderungsk\u00fcndigung f\u00fcr unwirksam gehalten. Der gesetzliche Mindestlohn solle unmittelbar die Arbeitsleistung des Arbeitnehmers entgelten. Der Arbeitgeber d\u00fcrfe daher Leistungen, die \u2013 wie das zus\u00e4tzliche Urlaubsgeld und die Jahressonderzahlung \u2013 nicht diesem Zweck dienten, nicht auf den Mindestlohn anrechnen. Eine \u00c4nderungsk\u00fcndigung, mit der diese unzul\u00e4ssige Anrechnung erreicht werden solle, sei unzul\u00e4ssig.<\/p>\n<p style=\"text-align: justify;\">Gegen das Urteil ist die Berufung an das Landesarbeitsgericht Berlin-Brandenburg zul\u00e4ssig.<\/p>\n<p>Quelle: Arbeitsgericht Berlin, Pressemitteilung <a href=\"http:\/\/www.berlin.de\/gerichte\/arbeitsgericht\/presse\/archiv\/20150305.0825.401310.html\" target=\"_blank\">Nr. 5\/15<\/a> vom 05.03.2015, Urteil vom 04.03.2015, Aktenzeichen 54 Ca 14420\/14<\/p>\n<p>&nbsp;<\/p>\n","protected":false},"excerpt":{"rendered":"<p>Der Arbeitgeber darf ein zus\u00e4tzliches Urlaubsgeld und eine j\u00e4hrliche Sonderzahlung nicht auf den gesetzlichen Mindestlohn anrechnen. Eine \u00c4nderungsk\u00fcndigung, mit der eine derartige Anrechnung erreicht werden sollte, ist unwirksam. Dies hat [&#8230;]<\/p>\n","protected":false},"author":13,"featured_media":0,"comment_status":"closed","ping_status":"closed","sticky":false,"template":"","format":"standard","meta":{"ngg_post_thumbnail":0,"iawp_total_views":0,"footnotes":""},"categories":[68,107],"tags":[],"class_list":["post-11085","post","type-post","status-publish","format-standard","hentry","category-recht","category-zfa"],"_links":{"self":[{"href":"https:\/\/iuzb.de\/index.php?rest_route=\/wp\/v2\/posts\/11085","targetHints":{"allow":["GET"]}}],"collection":[{"href":"https:\/\/iuzb.de\/index.php?rest_route=\/wp\/v2\/posts"}],"about":[{"href":"https:\/\/iuzb.de\/index.php?rest_route=\/wp\/v2\/types\/post"}],"author":[{"embeddable":true,"href":"https:\/\/iuzb.de\/index.php?rest_route=\/wp\/v2\/users\/13"}],"replies":[{"embeddable":true,"href":"https:\/\/iuzb.de\/index.php?rest_route=%2Fwp%2Fv2%2Fcomments&post=11085"}],"version-history":[{"count":1,"href":"https:\/\/iuzb.de\/index.php?rest_route=\/wp\/v2\/posts\/11085\/revisions"}],"predecessor-version":[{"id":15764,"href":"https:\/\/iuzb.de\/index.php?rest_route=\/wp\/v2\/posts\/11085\/revisions\/15764"}],"wp:attachment":[{"href":"https:\/\/iuzb.de\/index.php?rest_route=%2Fwp%2Fv2%2Fmedia&parent=11085"}],"wp:term":[{"taxonomy":"category","embeddable":true,"href":"https:\/\/iuzb.de\/index.php?rest_route=%2Fwp%2Fv2%2Fcategories&post=11085"},{"taxonomy":"post_tag","embeddable":true,"href":"https:\/\/iuzb.de\/index.php?rest_route=%2Fwp%2Fv2%2Ftags&post=11085"}],"curies":[{"name":"wp","href":"https:\/\/api.w.org\/{rel}","templated":true}]}}