{"id":11025,"date":"2015-02-24T21:56:36","date_gmt":"2015-02-24T20:56:36","guid":{"rendered":"http:\/\/www.iuzb.org\/wordpress\/?p=11025"},"modified":"2016-11-22T17:08:13","modified_gmt":"2016-11-22T16:08:13","slug":"verfassungsgerichtshof-antrag-des-abgeordneten-martin-delius-im-organstreitverfahren-gegen-den-berliner-senat-wegen-verletzung-des-fragerechts-ueberwiegend-erfolgreich","status":"publish","type":"post","link":"https:\/\/iuzb.de\/?p=11025","title":{"rendered":"Verfassungsgerichtshof: Antrag des Abgeordneten Martin Delius im Organstreitverfahren gegen den Berliner Senat wegen Verletzung des Fragerechts \u00fcberwiegend erfolgreich"},"content":{"rendered":"<p><strong>Antrag des Abgeordneten Martin Delius im Organstreitverfahren gegen den Berliner Senat wegen Verletzung des Fragerechts \u00fcberwiegend erfolgreich<\/strong><\/p>\n<p style=\"text-align: justify;\">Der Verfassungsgerichtshof des Landes Berlin hat mit Beschluss vom 18. Februar 2015 dem Antrag des Mitglieds des Abgeordnetenhauses <a href=\"http:\/\/www.parlament-berlin.de\/de\/Abgeordnete\/Delius-Martin\" target=\"_blank\">Martin Delius<\/a> auf Feststellung der Verletzung seines parlamentarischen Fragerechts aus <a href=\"http:\/\/www.lexsoft.de\/cgi-bin\/lexsoft\/justizportal_nrw.cgi?xid=641395,46\" target=\"_blank\">Art. 45<\/a> Abs. 1 der Verfassung von Berlin &#8211; VvB &#8211; durch den Senat von Berlin \u00fcberwiegend stattgegeben.<\/p>\n<p style=\"text-align: justify;\">Der Antragsteller beanstandete die erst im verfassungsgerichtlichen Verfahren erfolgte Beantwortung von zwei Fragen, die Gegenstand einer schriftlichen Anfrage zum Themenkomplex Flughafen BER waren. Seit Juni 2012 hatte er hierzu insgesamt \u00fcber 100 parlamentarische Anfragen an den Senat gerichtet.<br \/>\nDer Verfassungsgerichtshof hat den Antrag f\u00fcr zul\u00e4ssig gehalten. Das Rechtsschutzbed\u00fcrfnis des Abgeordneten entf\u00e4llt nicht durch das Nachholen einer zuvor unterbliebenen Auskunftserteilung, wenn nicht der Senat zugleich die Verpflichtung aus <a href=\"http:\/\/www.lexsoft.de\/cgi-bin\/lexsoft\/justizportal_nrw.cgi?xid=641395,46\" target=\"_blank\">Art. 45<\/a> Abs. 1 VvB vorbehaltlos anerkennt. Der Senat hatte die Verletzung des Fragerechts des Abgeordneten Delius bestritten.<\/p>\n<p style=\"text-align: justify;\">Dem verfassungsrechtlich verb\u00fcrgten Fragerecht des Abgeordneten entspricht eine grunds\u00e4tzliche Antwortpflicht des Senats. Der Informationsanspruch des Abgeordneten wird lediglich durch das Gewaltenteilungsprinzip, das Staatswohl, Grundrechte Dritter, den Schutz der Funktions- und Arbeitsf\u00e4higkeit der Regierung sowie durch eine Missbrauchsgrenze begrenzt. Will der Senat von seiner grunds\u00e4tzlichen verfassungsrechtlichen Pflicht abweichen, Informationsanspr\u00fcche der Abgeordneten zu erf\u00fcllen, muss er innerhalb der in der Verfassung von Berlin bestimmten dreiw\u00f6chigen Antwortfrist die Gr\u00fcnde daf\u00fcr darlegen. Dem Senat ist hinsichtlich des Umfangs seiner Antwort auf beantwortungsbed\u00fcrftige schriftliche Anfragen ein Spielraum einger\u00e4umt, der durch die Pflicht zur vollst\u00e4ndigen und zutreffen-den Antwort begrenzt wird.<\/p>\n<p style=\"text-align: justify;\">Der Senat hat in dem vom Verfassungsgerichtshof entschiedenen Verfahren gegen das Fragerecht des Abgeordneten Delius versto\u00dfen, indem er in seiner Antwort nicht ausgef\u00fchrt hatte, welche von der schriftlichen Anfrage erfassten Sitzungsprotokolle ihm vom Bundesministerium f\u00fcr Verkehr, Bau und Stadtentwicklung \u00fcbermittelt worden sind. Dar\u00fcber hinaus hatte er zun\u00e4chst nicht beantwortet, ob er mit Sicherheit ausschlie\u00dfen k\u00f6nne, dass ihn Protokolle auf anderem Wege erreicht haben. Die weitere Teilfrage des Antragstellers, ob der Senat mit Sicherheit ausschlie\u00dfen k\u00f6nne, dass ihm s\u00e4mtliche Protokolle in aller Vollst\u00e4ndigkeit vorliegen, hatte der Antragsgegner dagegen ausreichend beantwortet.<\/p>\n<p>Quelle: Verfassungsgerichtshof von Berlin, Pressemitteilung Nr. <a href=\"http:\/\/www.berlin.de\/sen\/justiz\/gerichte\/lverfgh\/presse\/archiv\/20150224.1450.401222.html\" target=\"_blank\">1\/2015<\/a> vom 24.02.2015 zum<\/p>\n<ul>\n<li><a href=\"http:\/\/www.berlin.de\/imperia\/md\/content\/senatsverwaltungen\/justiz\/gerichte\/verfassungsgerichtshof\/3.7._92_14_delius_ge__ndert.pdf\" target=\"_blank\">Beschluss vom 18. Februar 2015 VerfGH 92\/14<\/a><\/li>\n<\/ul>\n<p>&nbsp;<\/p>\n<p>&nbsp;<\/p>\n","protected":false},"excerpt":{"rendered":"<p>Antrag des Abgeordneten Martin Delius im Organstreitverfahren gegen den Berliner Senat wegen Verletzung des Fragerechts \u00fcberwiegend erfolgreich Der Verfassungsgerichtshof des Landes Berlin hat mit Beschluss vom 18. Februar 2015 dem [&#8230;]<\/p>\n","protected":false},"author":13,"featured_media":0,"comment_status":"closed","ping_status":"closed","sticky":false,"template":"","format":"standard","meta":{"ngg_post_thumbnail":0,"iawp_total_views":2,"footnotes":""},"categories":[108],"tags":[],"class_list":["post-11025","post","type-post","status-publish","format-standard","hentry","category-datenschutz-und-informationsfreiheit"],"_links":{"self":[{"href":"https:\/\/iuzb.de\/index.php?rest_route=\/wp\/v2\/posts\/11025","targetHints":{"allow":["GET"]}}],"collection":[{"href":"https:\/\/iuzb.de\/index.php?rest_route=\/wp\/v2\/posts"}],"about":[{"href":"https:\/\/iuzb.de\/index.php?rest_route=\/wp\/v2\/types\/post"}],"author":[{"embeddable":true,"href":"https:\/\/iuzb.de\/index.php?rest_route=\/wp\/v2\/users\/13"}],"replies":[{"embeddable":true,"href":"https:\/\/iuzb.de\/index.php?rest_route=%2Fwp%2Fv2%2Fcomments&post=11025"}],"version-history":[{"count":1,"href":"https:\/\/iuzb.de\/index.php?rest_route=\/wp\/v2\/posts\/11025\/revisions"}],"predecessor-version":[{"id":15613,"href":"https:\/\/iuzb.de\/index.php?rest_route=\/wp\/v2\/posts\/11025\/revisions\/15613"}],"wp:attachment":[{"href":"https:\/\/iuzb.de\/index.php?rest_route=%2Fwp%2Fv2%2Fmedia&parent=11025"}],"wp:term":[{"taxonomy":"category","embeddable":true,"href":"https:\/\/iuzb.de\/index.php?rest_route=%2Fwp%2Fv2%2Fcategories&post=11025"},{"taxonomy":"post_tag","embeddable":true,"href":"https:\/\/iuzb.de\/index.php?rest_route=%2Fwp%2Fv2%2Ftags&post=11025"}],"curies":[{"name":"wp","href":"https:\/\/api.w.org\/{rel}","templated":true}]}}