{"id":10504,"date":"2014-12-09T13:18:59","date_gmt":"2014-12-09T12:18:59","guid":{"rendered":"http:\/\/www.iuzb.org\/wordpress\/?p=10504"},"modified":"2016-11-09T08:16:34","modified_gmt":"2016-11-09T07:16:34","slug":"aerztekammer-berlin-wahlergebnis","status":"publish","type":"post","link":"https:\/\/iuzb.de\/?p=10504","title":{"rendered":"\u00c4rztekammer Berlin: Wahlergebnis"},"content":{"rendered":"<p><em> &#8222;Marburger Bund&#8220; erstmals st\u00e4rkste Kraft in der Delegiertenversammlung<\/em><\/p>\n<p>Die Berliner \u00c4rztinnen und \u00c4rzte haben die 14. Delegiertenversammlung gew\u00e4hlt. In der Zeit vom 15. Oktober bis zum 5. Dezember 2014 hatten die Kammermitglieder Gelegenheit, per Briefwahl ihr &#8222;Parlament&#8220;, das hei\u00dft ihre Berufsvertretung, zu w\u00e4hlen. Am 5. und 6. Dezember wurden die Wahlbriefe ausgez\u00e4hlt. Nachfolgend finden Sie das Ergebnis:<\/p>\n<table>\n<tbody>\n<tr>\n<td>Wahlvorschlag 6<br \/>\n<a href=\"http:\/\/www.marburger-bund.de\/landesverbaende\/berlin-brandenburg\" target=\"_blank\"><strong>Marburger Bund<\/strong><\/a><\/td>\n<td>31,1 %<\/td>\n<\/tr>\n<tr>\n<td>Wahlvorschlag 1<br \/>\n<strong>ALLIANZ BERLINER \u00c4RZTE- NAV-Virchow-Bund &#8211; <a href=\"http:\/\/www.mediberlin.de\/\" target=\"_blank\">MEDI-Verbund<\/a> (in 2010 noch mit dem Hartmannbund)<\/strong><\/td>\n<td>28,9 %<\/td>\n<\/tr>\n<tr>\n<td>Wahlvorschlag 3<br \/>\n<a href=\"http:\/\/www.fraktiongesundheit.de\/\" target=\"_blank\"><strong>Fraktion Gesundheit<\/strong><\/a><\/td>\n<td>23,4 %<\/td>\n<\/tr>\n<tr>\n<td>Wahlvorschlag 5<br \/>\n<strong>HAUS\u00c4RZTE IN BERLIN (in 2010 Haus\u00e4rzteverband Berlin und Brandenburg e.V. (<a href=\"http:\/\/www.bda-hausaerzteverband.de\/\" target=\"_blank\">BDA<\/a>))<\/strong><\/td>\n<td>8,6 %<\/td>\n<\/tr>\n<tr>\n<td>Wahlvorschlag 2<br \/>\n<a href=\"http:\/\/www.hartmannbund.de\/de\/wir-ueber-uns\/landesverbaende\/berlin\/\" target=\"_blank\"><strong>Hartmannbund<\/strong><\/a><\/td>\n<td>6,8 %<\/td>\n<\/tr>\n<tr>\n<td>Wahlvorschlag 4<br \/>\n<strong>Niedergelassene \u00c4rzte<\/strong><\/td>\n<td>1,2 %<\/td>\n<\/tr>\n<\/tbody>\n<\/table>\n<p><strong>Wahlbeteiligung <span style=\"color: #ff0000;\">38,5<\/span> % !<\/strong><br \/>\n===================<\/p>\n<p>Am 21. Januar 2015 tritt die neue Delegiertenversammlung erstmals zusammen. In dieser konstituierenden Sitzung werden dann der neue Vorstand sowie der Pr\u00e4sident und der Vizepr\u00e4sident der \u00c4rztekammer Berlin gew\u00e4hlt.<\/p>\n<p>Weitere Informationen <a href=\"http:\/\/www.aerztekammer-berlin.de\/40presse\/10_Pressemitteilungen\/707_Wahlergebnis_KW2014\/index.htm\" target=\"_blank\">hier<\/a>.<\/p>\n<p>&nbsp;<\/p>\n<p>&nbsp;<\/p>\n","protected":false},"excerpt":{"rendered":"<p>&#8222;Marburger Bund&#8220; erstmals st\u00e4rkste Kraft in der Delegiertenversammlung Die Berliner \u00c4rztinnen und \u00c4rzte haben die 14. Delegiertenversammlung gew\u00e4hlt. In der Zeit vom 15. Oktober bis zum 5. Dezember 2014 hatten [&#8230;]<\/p>\n","protected":false},"author":13,"featured_media":0,"comment_status":"closed","ping_status":"closed","sticky":false,"template":"","format":"standard","meta":{"ngg_post_thumbnail":0,"iawp_total_views":2,"footnotes":""},"categories":[124],"tags":[],"class_list":["post-10504","post","type-post","status-publish","format-standard","hentry","category-aerztekammer-berlin"],"_links":{"self":[{"href":"https:\/\/iuzb.de\/index.php?rest_route=\/wp\/v2\/posts\/10504","targetHints":{"allow":["GET"]}}],"collection":[{"href":"https:\/\/iuzb.de\/index.php?rest_route=\/wp\/v2\/posts"}],"about":[{"href":"https:\/\/iuzb.de\/index.php?rest_route=\/wp\/v2\/types\/post"}],"author":[{"embeddable":true,"href":"https:\/\/iuzb.de\/index.php?rest_route=\/wp\/v2\/users\/13"}],"replies":[{"embeddable":true,"href":"https:\/\/iuzb.de\/index.php?rest_route=%2Fwp%2Fv2%2Fcomments&post=10504"}],"version-history":[{"count":1,"href":"https:\/\/iuzb.de\/index.php?rest_route=\/wp\/v2\/posts\/10504\/revisions"}],"predecessor-version":[{"id":14971,"href":"https:\/\/iuzb.de\/index.php?rest_route=\/wp\/v2\/posts\/10504\/revisions\/14971"}],"wp:attachment":[{"href":"https:\/\/iuzb.de\/index.php?rest_route=%2Fwp%2Fv2%2Fmedia&parent=10504"}],"wp:term":[{"taxonomy":"category","embeddable":true,"href":"https:\/\/iuzb.de\/index.php?rest_route=%2Fwp%2Fv2%2Fcategories&post=10504"},{"taxonomy":"post_tag","embeddable":true,"href":"https:\/\/iuzb.de\/index.php?rest_route=%2Fwp%2Fv2%2Ftags&post=10504"}],"curies":[{"name":"wp","href":"https:\/\/api.w.org\/{rel}","templated":true}]}}