{"id":1010,"date":"2009-10-28T00:26:20","date_gmt":"2009-10-27T22:26:20","guid":{"rendered":"http:\/\/www.iuzb.org\/wordpress\/?p=1010"},"modified":"2016-12-01T07:18:10","modified_gmt":"2016-12-01T06:18:10","slug":"kzv-berlin-eineinhalb-jahre-vor-der-wahl-zur-vertreterversammlung-werden-die-claims-abgesteckt","status":"publish","type":"post","link":"https:\/\/iuzb.de\/?p=1010","title":{"rendered":"KZV Berlin: Eineinhalb Jahre vor der Wahl zur Vertreterversammlung werden die Claims abgesteckt"},"content":{"rendered":"<p style=\"text-align: justify;\">In der Mitgliederzeitschrift \u201eBerlin aktuell\u201c (<a href=\"http:\/\/www.fvdz.de\/fv\/wwwlv.nsf\/1ef88ba9f1505289c125657c005436fa\/4f83cf82055a38a2c12575450049cdff\/$FILE\/BA_27.pdf\" target=\"_blank\">Oktober 2009<\/a>) des Berliner Landesverbandes des Freien Verbandes Deutscher Zahn\u00e4rzte e. V. (FVDZ) antwortet Herr Dr. Husemann auf die Frage nach der G\u00fcte der Zusammenarbeit zwischen seinem Verband <a href=\"http:\/\/www.zahnaerzteverband-berlin.de\/\" target=\"_blank\">VdZvB<\/a> und dem Koalitionspartner <a href=\"http:\/\/www.fvdz.de\/fv\/wwwlv.nsf\/d\/h_bln\" target=\"_blank\">FDVZ<\/a>:<\/p>\n<blockquote><p>\u201eGut und vor allen Dingen sachorientiert!<br \/>\nIch frage mich oft, wieso wir eigentlich zwei Verb\u00e4nde sein m\u00fcssen.<br \/>\nDass es manchmal Schwierigkeiten gegeben hat, lag auf dem kommunikativen Sektor, aber das k\u00f6nnen und werden wir verbessern.\u201c<\/p><\/blockquote>\n<p style=\"text-align: justify;\">Ferner erkl\u00e4rte Herr Dr. Husemann auf die Frage, ob er in eineinhalb Jahren nochmals f\u00fcr das Amt des Vorstandsvorsitzenden der KZV Berlin kandidieren wird:<\/p>\n<blockquote>\n<p style=\"text-align: justify;\">\u201eIch gehe davon aus, dass ich als Listenf\u00fchrer f\u00fcr den Verband der Zahn\u00e4rzte von Berlin aufgestellt werde. Alles Weitere wird dann vom Ausgang der Wahlen abh\u00e4ngen.&#8220;<\/p>\n<\/blockquote>\n","protected":false},"excerpt":{"rendered":"<p>In der Mitgliederzeitschrift \u201eBerlin aktuell\u201c (Oktober 2009) des Berliner Landesverbandes des Freien Verbandes Deutscher Zahn\u00e4rzte e. V. (FVDZ) antwortet Herr Dr. Husemann auf die Frage nach der G\u00fcte der Zusammenarbeit [&#8230;]<\/p>\n","protected":false},"author":13,"featured_media":0,"comment_status":"closed","ping_status":"closed","sticky":false,"template":"","format":"standard","meta":{"ngg_post_thumbnail":0,"iawp_total_views":0,"footnotes":""},"categories":[140,45,95],"tags":[],"class_list":["post-1010","post","type-post","status-publish","format-standard","hentry","category-fvdz","category-kzv-berlin","category-vdzvb"],"_links":{"self":[{"href":"https:\/\/iuzb.de\/index.php?rest_route=\/wp\/v2\/posts\/1010","targetHints":{"allow":["GET"]}}],"collection":[{"href":"https:\/\/iuzb.de\/index.php?rest_route=\/wp\/v2\/posts"}],"about":[{"href":"https:\/\/iuzb.de\/index.php?rest_route=\/wp\/v2\/types\/post"}],"author":[{"embeddable":true,"href":"https:\/\/iuzb.de\/index.php?rest_route=\/wp\/v2\/users\/13"}],"replies":[{"embeddable":true,"href":"https:\/\/iuzb.de\/index.php?rest_route=%2Fwp%2Fv2%2Fcomments&post=1010"}],"version-history":[{"count":1,"href":"https:\/\/iuzb.de\/index.php?rest_route=\/wp\/v2\/posts\/1010\/revisions"}],"predecessor-version":[{"id":17304,"href":"https:\/\/iuzb.de\/index.php?rest_route=\/wp\/v2\/posts\/1010\/revisions\/17304"}],"wp:attachment":[{"href":"https:\/\/iuzb.de\/index.php?rest_route=%2Fwp%2Fv2%2Fmedia&parent=1010"}],"wp:term":[{"taxonomy":"category","embeddable":true,"href":"https:\/\/iuzb.de\/index.php?rest_route=%2Fwp%2Fv2%2Fcategories&post=1010"},{"taxonomy":"post_tag","embeddable":true,"href":"https:\/\/iuzb.de\/index.php?rest_route=%2Fwp%2Fv2%2Ftags&post=1010"}],"curies":[{"name":"wp","href":"https:\/\/api.w.org\/{rel}","templated":true}]}}